{"id":1396,"date":"2014-02-04T14:06:54","date_gmt":"2014-02-04T13:06:54","guid":{"rendered":"http:\/\/www.frohsinn-ost.de\/?p=1396"},"modified":"2014-02-04T14:12:55","modified_gmt":"2014-02-04T13:12:55","slug":"einladung-zum-kostumfest","status":"publish","type":"post","link":"https:\/\/www.frohsinn-ost.de\/?p=1396","title":{"rendered":"Einladung zum Kost\u00fcmfest"},"content":{"rendered":"<p>Unser Karnevalsfest feiern wir in diesem Jahr unter dem Motto<\/p>\n<p>&#8222;Im goldenen Stern, feiern die Ostler gern&#8220;<\/p>\n<p>&nbsp;<\/p>\n<p>Wobei damit die \u00d6rtlichkeit auch gekl\u00e4rt ist. Jederman und jede Frau ist gerne eingeladen, ob mit oder ohne Kost\u00fcm am 22. Februar mit uns zu feiern. Um 20.11 zieht das Prinzenpaar Sebastian, I. und Sandra unter den Kl\u00e4ngen des Spielmannszuges ein. Um 21.11 erwarten wir dann den Stadtprinz mit der KG Emsp\u00fcnte.<\/p>\n<p>Auf ein sch\u00f6nes Fest freuen wir uns!<br \/>\n<img decoding=\"async\" alt=\"\" src=\"http:\/\/www.hagenhoffmann.de\/links\/karneval\/karneval-010.gif\" \/><\/p>\n","protected":false},"excerpt":{"rendered":"<p>Unser Karnevalsfest feiern wir in diesem Jahr unter dem Motto &#8222;Im goldenen Stern, feiern die Ostler gern&#8220; &nbsp; Wobei damit die \u00d6rtlichkeit auch gekl\u00e4rt ist. Jederman und jede Frau ist gerne eingeladen, ob mit&#46;&#46;&#46;<\/p>\n","protected":false},"author":5,"featured_media":0,"comment_status":"closed","ping_status":"closed","sticky":false,"template":"","format":"standard","meta":{"ngg_post_thumbnail":0,"footnotes":""},"categories":[1],"tags":[],"class_list":["post-1396","post","type-post","status-publish","format-standard","hentry","category-hauptartikel"],"_links":{"self":[{"href":"https:\/\/www.frohsinn-ost.de\/index.php?rest_route=\/wp\/v2\/posts\/1396","targetHints":{"allow":["GET"]}}],"collection":[{"href":"https:\/\/www.frohsinn-ost.de\/index.php?rest_route=\/wp\/v2\/posts"}],"about":[{"href":"https:\/\/www.frohsinn-ost.de\/index.php?rest_route=\/wp\/v2\/types\/post"}],"author":[{"embeddable":true,"href":"https:\/\/www.frohsinn-ost.de\/index.php?rest_route=\/wp\/v2\/users\/5"}],"replies":[{"embeddable":true,"href":"https:\/\/www.frohsinn-ost.de\/index.php?rest_route=%2Fwp%2Fv2%2Fcomments&post=1396"}],"version-history":[{"count":2,"href":"https:\/\/www.frohsinn-ost.de\/index.php?rest_route=\/wp\/v2\/posts\/1396\/revisions"}],"predecessor-version":[{"id":1399,"href":"https:\/\/www.frohsinn-ost.de\/index.php?rest_route=\/wp\/v2\/posts\/1396\/revisions\/1399"}],"wp:attachment":[{"href":"https:\/\/www.frohsinn-ost.de\/index.php?rest_route=%2Fwp%2Fv2%2Fmedia&parent=1396"}],"wp:term":[{"taxonomy":"category","embeddable":true,"href":"https:\/\/www.frohsinn-ost.de\/index.php?rest_route=%2Fwp%2Fv2%2Fcategories&post=1396"},{"taxonomy":"post_tag","embeddable":true,"href":"https:\/\/www.frohsinn-ost.de\/index.php?rest_route=%2Fwp%2Fv2%2Ftags&post=1396"}],"curies":[{"name":"wp","href":"https:\/\/api.w.org\/{rel}","templated":true}]}}