{"id":228636,"date":"2014-09-04T10:13:36","date_gmt":"2014-09-04T08:13:36","guid":{"rendered":"http:\/\/www.frohsinn-ost.de\/?p=228636"},"modified":"2014-09-04T10:16:24","modified_gmt":"2014-09-04T08:16:24","slug":"jugendausschuss-faehrt-mit-den-kindern-zum-maerchenwald","status":"publish","type":"post","link":"https:\/\/www.frohsinn-ost.de\/?p=228636","title":{"rendered":"Jugendausschuss f\u00e4hrt mit den Kindern zum M\u00e4rchenwald"},"content":{"rendered":"<p><span style=\"color: #000000;\"><span style=\"font-family: 'Trebuchet MS', sans-serif;\">Die M\u00e4rchenonkel vom Sch\u00fctzenverein laden alle Vereinskinder\u00a0ein zusammen mit ihnen nach Ibbenb\u00fcren in den M\u00e4rchenwald zu fahren. Dort wartet unter anderem eine abenteuerliche Ralley auf sie.<\/span><\/span><\/p>\n<p><img decoding=\"async\" src=\"http:\/\/www.martinspies.de\/album\/ibbenbueren10\/FOTO02.JPG\" alt=\"\" \/><\/p>\n<p><span style=\"color: #000000;\">Wir treffen uns (hoffentlich mit Dir) am Sonntag, 28.09.14 um 13.00 Uhr am Parkplatz der Familie Borgmann am Ostring. Bitte bring, falls erforderlich, eine Sitzerh\u00f6hung f\u00fcrs Auto (nicht f\u00fcr die Rodel) mit. Wir werden gegen 17.30 Uhr wieder zur\u00fcck sein, so dass du dich dann dort wieder abholen lassen kannst.<\/span><\/p>\n<p><img decoding=\"async\" src=\"http:\/\/www.martinspies.de\/album\/ibbenbueren10\/FOTO32.JPG\" alt=\"\" \/><\/p>\n<p><span style=\"color: #000000;\">Kosten wird der ganzer Spa\u00df \u20ac5 pro Person inkl. Eintritt, Fahrt, Rodeln, Nascherei und Getr\u00e4nken. Und das beste: eine Freundin\/einen Freund kannst du mitbringen. Sie\/er bezahlt auch nur \u20ac5. Also los!<\/span><\/p>\n<p><span style=\"color: #000000;\"><span style=\"font-family: 'Trebuchet MS', sans-serif;\">Damit wir die Anfahrt planen k\u00f6nnen, m\u00fcssen wir bis zum 21.09.14 Bescheid wissen ob du kommst und wen du mitbringst. Melde dich bitte unter 02571-40891 oder <\/span><span lang=\"zxx\"><span style=\"text-decoration: underline;\"><a href=\"mailto:tuente@gmail.com\"><span style=\"color: #000000; text-decoration: underline;\"><span style=\"font-family: 'Trebuchet MS', sans-serif;\">tuente@gmail.com<\/span><\/span><\/a><\/span><\/span><span style=\"font-family: 'Trebuchet MS', sans-serif;\"> an.<\/span><\/span><\/p>\n<p><img decoding=\"async\" src=\"http:\/\/www.martinspies.de\/album\/ibbenbueren10\/FOTO33.JPG\" alt=\"\" \/><\/p>\n<p><span style=\"color: #000000;\">Julia, Nico, Yvonne, Christian, Stefan und Thomas freuen sich auf Dich!<\/span><\/p>\n","protected":false},"excerpt":{"rendered":"<p>Die M\u00e4rchenonkel vom Sch\u00fctzenverein laden alle Vereinskinder\u00a0ein zusammen mit ihnen nach Ibbenb\u00fcren in den M\u00e4rchenwald zu fahren. Dort wartet unter anderem eine abenteuerliche Ralley auf sie. Wir treffen uns (hoffentlich mit Dir) am Sonntag,&#46;&#46;&#46;<\/p>\n","protected":false},"author":5,"featured_media":0,"comment_status":"closed","ping_status":"closed","sticky":false,"template":"","format":"standard","meta":{"ngg_post_thumbnail":0,"footnotes":""},"categories":[1,8],"tags":[],"class_list":["post-228636","post","type-post","status-publish","format-standard","hentry","category-hauptartikel","category-jugendausschuss"],"_links":{"self":[{"href":"https:\/\/www.frohsinn-ost.de\/index.php?rest_route=\/wp\/v2\/posts\/228636","targetHints":{"allow":["GET"]}}],"collection":[{"href":"https:\/\/www.frohsinn-ost.de\/index.php?rest_route=\/wp\/v2\/posts"}],"about":[{"href":"https:\/\/www.frohsinn-ost.de\/index.php?rest_route=\/wp\/v2\/types\/post"}],"author":[{"embeddable":true,"href":"https:\/\/www.frohsinn-ost.de\/index.php?rest_route=\/wp\/v2\/users\/5"}],"replies":[{"embeddable":true,"href":"https:\/\/www.frohsinn-ost.de\/index.php?rest_route=%2Fwp%2Fv2%2Fcomments&post=228636"}],"version-history":[{"count":3,"href":"https:\/\/www.frohsinn-ost.de\/index.php?rest_route=\/wp\/v2\/posts\/228636\/revisions"}],"predecessor-version":[{"id":228639,"href":"https:\/\/www.frohsinn-ost.de\/index.php?rest_route=\/wp\/v2\/posts\/228636\/revisions\/228639"}],"wp:attachment":[{"href":"https:\/\/www.frohsinn-ost.de\/index.php?rest_route=%2Fwp%2Fv2%2Fmedia&parent=228636"}],"wp:term":[{"taxonomy":"category","embeddable":true,"href":"https:\/\/www.frohsinn-ost.de\/index.php?rest_route=%2Fwp%2Fv2%2Fcategories&post=228636"},{"taxonomy":"post_tag","embeddable":true,"href":"https:\/\/www.frohsinn-ost.de\/index.php?rest_route=%2Fwp%2Fv2%2Ftags&post=228636"}],"curies":[{"name":"wp","href":"https:\/\/api.w.org\/{rel}","templated":true}]}}