{"id":228644,"date":"2014-09-12T08:26:22","date_gmt":"2014-09-12T06:26:22","guid":{"rendered":"http:\/\/www.frohsinn-ost.de\/?p=228644"},"modified":"2014-10-08T18:50:50","modified_gmt":"2014-10-08T16:50:50","slug":"einladung-zum-oktoberfest","status":"publish","type":"post","link":"https:\/\/www.frohsinn-ost.de\/?p=228644","title":{"rendered":"Einladung zum Oktoberfest"},"content":{"rendered":"<p>der Vorstand l\u00e4dt alle Mitglieder, Freunde, G\u00f6nner und Interessierte zum diesj\u00e4hrigen\u00a0Oktoberfest\u00a0am 11. Oktober 2014 in das\u00a0Ballenlager (Kulturzentrum der Stadt Greven, Friedrich-Ebert-Str) ein.<\/p>\n<p><img decoding=\"async\" src=\"http:\/\/www.quirkbooks.com\/sites\/default\/files\/editor_uploads\/original\/oktoberfest_0.jpg\" alt=\"\" \/><\/p>\n<p>Einlass ab 18:00 Uhr<\/p>\n<p>(Eintritt frei, Essen\u00a0<span style=\"text-decoration: underline;\">nur nach\u00a0vorheriger Anmeldungen<\/span>\u00a0)<\/p>\n<p>In der Zeit von 19:00 bis 21:00 Uhr werden die bayrischen K\u00f6stlichkeiten Haxe, H\u00e4hnchen- oder\u00a0Schweineschnitzel mit diversen So\u00dfen gereicht. Als Beilagen werden Sauerkraut, Kartoffelp\u00fcree oder\u00a0Kartoffelsalat angeboten. Neben dem Essen stehen diverse Getr\u00e4nke (Oktoberfestbier, auch im Ma\u00dfkrug,\u00a0alkoholfreie Getr\u00e4nke sowie Spirituosen) in ausreichender Menge zur Verf\u00fcgung.<\/p>\n<p><img decoding=\"async\" src=\"http:\/\/bilder.augsburger-allgemeine.de\/img\/incoming\/crop27092257\/4997214533-ctopTeaser\/Oktoberfest-2013-Eroeffnung.jpg\" alt=\"\" \/><\/p>\n<p>Wie auch in den vergangenen Jahren werden das traditionelle Baumstamms\u00e4gen und das Bierkrugstemmen\u00a0zu unserem Rahmenprogramm geh\u00f6ren. Die Sieger der Disziplinen werden noch am Abend pr\u00e4miert.<\/p>\n<p>Zu einem guten Oktoberfest darf Musik und Tanz nat\u00fcrlich nicht fehlen. Mit z\u00fcnftiger Musik f\u00fcr Jung und Alt\u00a0wird unser\u00a0DJ sicherlich sehr gut unterhalten.<\/p>\n<p>F\u00fcr R\u00fcckfragen steht der\u00a01. Vorsitzende Helmut T\u00fcnte<br \/>\n(0 25 71 \/ 4 06 50) gerne zur Verf\u00fcgung.<\/p>\n<p>Der Vorstand und das amtierende K\u00f6nigspaar Thomas und Britta K\u00f6tterjohann freuen sich bereits jetzt,\u00a0an diesem Abend viele G\u00e4ste im Oktoberfest-Outfit begr\u00fc\u00dfen zu d\u00fcrfen.<\/p>\n<p>Mit z\u00fcnftigem Sch\u00fctzengru\u00df<\/p>\n<p>Sch\u00fctzenverein \u201eFrohsinn&#8220; Greven Ost 1925 e.V.<\/p>\n","protected":false},"excerpt":{"rendered":"<p>der Vorstand l\u00e4dt alle Mitglieder, Freunde, G\u00f6nner und Interessierte zum diesj\u00e4hrigen\u00a0Oktoberfest\u00a0am 11. Oktober 2014 in das\u00a0Ballenlager (Kulturzentrum der Stadt Greven, Friedrich-Ebert-Str) ein. Einlass ab 18:00 Uhr (Eintritt frei, Essen\u00a0nur nach\u00a0vorheriger Anmeldungen\u00a0) In der Zeit&#46;&#46;&#46;<\/p>\n","protected":false},"author":5,"featured_media":0,"comment_status":"closed","ping_status":"closed","sticky":false,"template":"","format":"standard","meta":{"ngg_post_thumbnail":0,"footnotes":""},"categories":[1],"tags":[],"class_list":["post-228644","post","type-post","status-publish","format-standard","hentry","category-hauptartikel"],"_links":{"self":[{"href":"https:\/\/www.frohsinn-ost.de\/index.php?rest_route=\/wp\/v2\/posts\/228644","targetHints":{"allow":["GET"]}}],"collection":[{"href":"https:\/\/www.frohsinn-ost.de\/index.php?rest_route=\/wp\/v2\/posts"}],"about":[{"href":"https:\/\/www.frohsinn-ost.de\/index.php?rest_route=\/wp\/v2\/types\/post"}],"author":[{"embeddable":true,"href":"https:\/\/www.frohsinn-ost.de\/index.php?rest_route=\/wp\/v2\/users\/5"}],"replies":[{"embeddable":true,"href":"https:\/\/www.frohsinn-ost.de\/index.php?rest_route=%2Fwp%2Fv2%2Fcomments&post=228644"}],"version-history":[{"count":3,"href":"https:\/\/www.frohsinn-ost.de\/index.php?rest_route=\/wp\/v2\/posts\/228644\/revisions"}],"predecessor-version":[{"id":228720,"href":"https:\/\/www.frohsinn-ost.de\/index.php?rest_route=\/wp\/v2\/posts\/228644\/revisions\/228720"}],"wp:attachment":[{"href":"https:\/\/www.frohsinn-ost.de\/index.php?rest_route=%2Fwp%2Fv2%2Fmedia&parent=228644"}],"wp:term":[{"taxonomy":"category","embeddable":true,"href":"https:\/\/www.frohsinn-ost.de\/index.php?rest_route=%2Fwp%2Fv2%2Fcategories&post=228644"},{"taxonomy":"post_tag","embeddable":true,"href":"https:\/\/www.frohsinn-ost.de\/index.php?rest_route=%2Fwp%2Fv2%2Ftags&post=228644"}],"curies":[{"name":"wp","href":"https:\/\/api.w.org\/{rel}","templated":true}]}}