{"id":228651,"date":"2014-09-28T19:24:33","date_gmt":"2014-09-28T17:24:33","guid":{"rendered":"http:\/\/www.frohsinn-ost.de\/?p=228651"},"modified":"2014-09-30T13:40:14","modified_gmt":"2014-09-30T11:40:14","slug":"bericht-und-fotos-vom-besuch-im-maerchenwald","status":"publish","type":"post","link":"https:\/\/www.frohsinn-ost.de\/?p=228651","title":{"rendered":"Bericht und Fotos vom Besuch im M\u00e4rchenwald"},"content":{"rendered":"<p>Das zweite Frohsinn-Ost Event an diesem Wochenende muss sich, auch in Hinsicht auf die Beteiligung ;-), nicht hinter dem anderen verstecken.<\/p>\n<p><img loading=\"lazy\" decoding=\"async\" class=\"alignleft size-full wp-image-228652\" src=\"http:\/\/frohsinn-ost.de\/wordpress\/wp-content\/uploads\/2014\/09\/DSC_0646.jpg\" alt=\"DSC_0646\" width=\"2592\" height=\"1944\" \/><\/p>\n<p>Die Vereinskinder mussten heute, 28.09.2014 bei einer spannenden Ralley durch den Ibbenb\u00fcrener M\u00e4rchenwald ihr Wissen \u00fcber Geschichten \u00a0aus der Feder der Gebr\u00fcder Grimm, H. C. Andersen und anderer\u00a0unter Beweis stellen. Mit Bravour meisterten sie diese Aufgabe und bekamen sozusagen als Belohnung Fahrten auf der hauseigenen Sommerrodelbahn \u00a0gesponsert. \u00a0Der Kinderk\u00f6nig Benedikt Suntrop sponserte, da es ihm so gut gefiel, direkt nochmal weitere Ritte auf der Bahn. Der Jugendausschuss sorgte wieder mit Speis und Trank daf\u00fcr, das niemand hungrig nach Hause gehen musste.<\/p>\nngg_shortcode_0_placeholder\n<p>Da das Wetter\u00a0eher sommer- als herbstlich war, lies es sich das mitgereiste K\u00f6nigspaar Britta und Thomas K\u00f6tterjohann nicht nehmen die Kinder noch zu einem leckeren Softeis einzuladen.<\/p>\n<p>Der Jugendausschuss bedankt sich bei allen Teilnehmern und freut sich auf die n\u00e4chsten anstehenden Termine: 31.10 K\u00fcrbis-Schnitzen zu Halloween und 09.12 Pl\u00e4tzchenbacken zu Weihnachten.<\/p>\n<p>&nbsp;<\/p>\n<p>&nbsp;<\/p>\n","protected":false},"excerpt":{"rendered":"<p>Das zweite Frohsinn-Ost Event an diesem Wochenende muss sich, auch in Hinsicht auf die Beteiligung ;-), nicht hinter dem anderen verstecken. Die Vereinskinder mussten heute, 28.09.2014 bei einer spannenden Ralley durch den Ibbenb\u00fcrener M\u00e4rchenwald&#46;&#46;&#46;<\/p>\n","protected":false},"author":5,"featured_media":0,"comment_status":"closed","ping_status":"closed","sticky":false,"template":"","format":"standard","meta":{"ngg_post_thumbnail":0,"footnotes":""},"categories":[1,8],"tags":[],"class_list":["post-228651","post","type-post","status-publish","format-standard","hentry","category-hauptartikel","category-jugendausschuss"],"_links":{"self":[{"href":"https:\/\/www.frohsinn-ost.de\/index.php?rest_route=\/wp\/v2\/posts\/228651","targetHints":{"allow":["GET"]}}],"collection":[{"href":"https:\/\/www.frohsinn-ost.de\/index.php?rest_route=\/wp\/v2\/posts"}],"about":[{"href":"https:\/\/www.frohsinn-ost.de\/index.php?rest_route=\/wp\/v2\/types\/post"}],"author":[{"embeddable":true,"href":"https:\/\/www.frohsinn-ost.de\/index.php?rest_route=\/wp\/v2\/users\/5"}],"replies":[{"embeddable":true,"href":"https:\/\/www.frohsinn-ost.de\/index.php?rest_route=%2Fwp%2Fv2%2Fcomments&post=228651"}],"version-history":[{"count":5,"href":"https:\/\/www.frohsinn-ost.de\/index.php?rest_route=\/wp\/v2\/posts\/228651\/revisions"}],"predecessor-version":[{"id":228717,"href":"https:\/\/www.frohsinn-ost.de\/index.php?rest_route=\/wp\/v2\/posts\/228651\/revisions\/228717"}],"wp:attachment":[{"href":"https:\/\/www.frohsinn-ost.de\/index.php?rest_route=%2Fwp%2Fv2%2Fmedia&parent=228651"}],"wp:term":[{"taxonomy":"category","embeddable":true,"href":"https:\/\/www.frohsinn-ost.de\/index.php?rest_route=%2Fwp%2Fv2%2Fcategories&post=228651"},{"taxonomy":"post_tag","embeddable":true,"href":"https:\/\/www.frohsinn-ost.de\/index.php?rest_route=%2Fwp%2Fv2%2Ftags&post=228651"}],"curies":[{"name":"wp","href":"https:\/\/api.w.org\/{rel}","templated":true}]}}