{"id":228713,"date":"2014-09-30T13:24:08","date_gmt":"2014-09-30T11:24:08","guid":{"rendered":"http:\/\/www.frohsinn-ost.de\/?p=228713"},"modified":"2014-10-11T16:19:09","modified_gmt":"2014-10-11T14:19:09","slug":"halloween-party","status":"publish","type":"post","link":"https:\/\/www.frohsinn-ost.de\/?p=228713","title":{"rendered":"Halloween-Party"},"content":{"rendered":"<h6>aus gegebenen Anla\u00df wird darauf hingewiesen, das das obige Datum lediglich das Erstelldatum des Beitrags und nicht das Eventdatum ist!!! \ud83d\ude09<\/h6>\n<p>__________________________________________________________________________<\/p>\n<p>Der gro\u00dfe Saal bei &#8222;\u00d6ppe&#8220; wird gruselig hergerichtet um den richtigen Rahmen f\u00fcr unsere dritte Halloween-Party zu bieten. Wir hoffen wieder auf rege Beteiligung von Mit- und Nicht(mit)gliedern.<\/p>\n<p><img decoding=\"async\" src=\"https:\/\/mail.google.com\/mail\/u\/0\/?ui=2&amp;ik=bb10ccb30a&amp;view=fimg&amp;th=148ae869144131ca&amp;attid=0.1.1&amp;disp=emb&amp;attbid=ANGjdJ_3Xhi409yBr5cN99L2L0bD8C0Nsx-jQrqySwCijDQK0bZMByncHPYlj2_xyS-pAhuFjkcj9p930LCOyHO-KM124hPxPX4t2ovA7f37Eew8ueTvfgOTgSL07s4&amp;sz=-w1600-h1000&amp;ats=1412073424203&amp;rm=148ae869144131ca&amp;zw&amp;atsh=1\" alt=\"\" \/><\/p>\n","protected":false},"excerpt":{"rendered":"<p>aus gegebenen Anla\u00df wird darauf hingewiesen, das das obige Datum lediglich das Erstelldatum des Beitrags und nicht das Eventdatum ist!!! \ud83d\ude09 __________________________________________________________________________ Der gro\u00dfe Saal bei &#8222;\u00d6ppe&#8220; wird gruselig hergerichtet um den richtigen Rahmen&#46;&#46;&#46;<\/p>\n","protected":false},"author":5,"featured_media":0,"comment_status":"closed","ping_status":"closed","sticky":false,"template":"","format":"standard","meta":{"ngg_post_thumbnail":0,"footnotes":""},"categories":[1],"tags":[],"class_list":["post-228713","post","type-post","status-publish","format-standard","hentry","category-hauptartikel"],"_links":{"self":[{"href":"https:\/\/www.frohsinn-ost.de\/index.php?rest_route=\/wp\/v2\/posts\/228713","targetHints":{"allow":["GET"]}}],"collection":[{"href":"https:\/\/www.frohsinn-ost.de\/index.php?rest_route=\/wp\/v2\/posts"}],"about":[{"href":"https:\/\/www.frohsinn-ost.de\/index.php?rest_route=\/wp\/v2\/types\/post"}],"author":[{"embeddable":true,"href":"https:\/\/www.frohsinn-ost.de\/index.php?rest_route=\/wp\/v2\/users\/5"}],"replies":[{"embeddable":true,"href":"https:\/\/www.frohsinn-ost.de\/index.php?rest_route=%2Fwp%2Fv2%2Fcomments&post=228713"}],"version-history":[{"count":4,"href":"https:\/\/www.frohsinn-ost.de\/index.php?rest_route=\/wp\/v2\/posts\/228713\/revisions"}],"predecessor-version":[{"id":228721,"href":"https:\/\/www.frohsinn-ost.de\/index.php?rest_route=\/wp\/v2\/posts\/228713\/revisions\/228721"}],"wp:attachment":[{"href":"https:\/\/www.frohsinn-ost.de\/index.php?rest_route=%2Fwp%2Fv2%2Fmedia&parent=228713"}],"wp:term":[{"taxonomy":"category","embeddable":true,"href":"https:\/\/www.frohsinn-ost.de\/index.php?rest_route=%2Fwp%2Fv2%2Fcategories&post=228713"},{"taxonomy":"post_tag","embeddable":true,"href":"https:\/\/www.frohsinn-ost.de\/index.php?rest_route=%2Fwp%2Fv2%2Ftags&post=228713"}],"curies":[{"name":"wp","href":"https:\/\/api.w.org\/{rel}","templated":true}]}}