{"id":228885,"date":"2014-11-03T11:22:58","date_gmt":"2014-11-03T10:22:58","guid":{"rendered":"http:\/\/www.frohsinn-ost.de\/?p=228885"},"modified":"2014-11-03T11:22:58","modified_gmt":"2014-11-03T10:22:58","slug":"bericht-von-der-jahreshauptversammlung","status":"publish","type":"post","link":"https:\/\/www.frohsinn-ost.de\/?p=228885","title":{"rendered":"Bericht von der Jahreshauptversammlung"},"content":{"rendered":"<p>Am 01. November fand im Vereinslokal \u201eZum Goldenen Stern\u201c die diesj\u00e4hrige Jahreshauptversammlung des Sch\u00fctzenvereins Frohsinn Greven-Ost 1925 e.V. statt.<\/p>\n<p>Der 1. Vorsitzende Helmut T\u00fcnte begr\u00fc\u00dfte die 54 Mitglieder, insbesondere das K\u00f6nigspaar Thomas und Britta K\u00f6tterjohann, das Kaiserpaar Elke und Werner Fritzler sowie den Ehrenvorsitzenden Werner Teupe. Nach dem Gedenken der Toten wurde die Beschlussf\u00e4higkeit festgestellt. Die Jahresberichte des 1. Vorsitzenden, der Schie\u00dfgruppe, des Spielmannszuges, der Ehrengarde und des Jugendausschusses f\u00fchrten alle Anwesenden durch ein ereignisreiches Jahr.<\/p>\n<p>Die Kassenpr\u00fcfer stellten einen ausgewogenen Kassenbestand \u2013 getragen durch zwei\u00a0Gro\u00dfereignisse &#8211; \u00a0fest, sodass die mit Dank f\u00fcr die geleistete Arbeit der Kassierer sowie des Gesamtvorstandes verbundene Entlastung von der Versammlung angenommen wurde.<\/p>\n<p>Mit kleinen Erg\u00e4nzungen wurde die neue Satzungsvorlage bei 1 Enthaltung angenommen. Die Wahlen der zu besetzenden \u00c4mter im \u201ezivilen\u201c Vorstand fanden auf Antrag alle in geheimer Wahl statt. Helmut T\u00fcnte wurde als 1. Vorsitzender im Amt best\u00e4tigt. Zum 2. Kassierer wurde Klaus Fraune gew\u00e4hlt, nachdem der ehem. Amtsinhaber trotz Wiederwahlvorschlag nicht antrat. Nach einj\u00e4hriger Pause in der Vorstandsarbeit bekleidet nun Andreas D\u00f6pker das Amt des 2. Schriftf\u00fchrers und l\u00f6st Markus Fraune ab, der aus privaten und beruflichen Gr\u00fcnden nicht zur Wahl stand. Volker Havixbeck wird f\u00fcr G\u00fcnther Ohrmann Beisitzer, Mareike Bockelj\u00fcrgen und Markus D\u00f6pker wurden als Beisitzer in ihren \u00c4mtern best\u00e4tigt. Der bestehende milit\u00e4rische Vorstand wurde auf Antrag geschlossen wiedergew\u00e4hlt. Zu Kassenpr\u00fcfer wurden Jan Keller, Thorsten Keller, Michael Beumer und Peter D\u00f6pker berufen.<\/p>\n<p>An Karneval wird der Verein beim Rathaus st\u00fcrmen und mit einer beim Spielmannzug integrierten Fu\u00dfgruppe aktiv werden, ein eigenes Fest f\u00e4llt aus.<\/p>\n<p>Eine hitzige und anhaltende Diskussion entstand im Rahmen der Neugestaltung und Ver\u00e4nderung des Sch\u00fctzenfestes. Am Ende wurde festgehalten, dass f\u00fcr 2015 noch einmal in \u201ealter\u201c Form gefeiert wird. Ferner wurde mehrheitlich festgestellt, nach 2015 lediglich 1 Fest- und K\u00f6nigsball zu veranstalten und das Sch\u00fctzenfest auf dem Pfingstwochenende zu belassen. Mit der weiteren Organisation wird sich der Vorstand verst\u00e4rkt durch eine au\u00dferordentliche Generalversammlung im Fr\u00fchjahr 2015 \u2013 ausschlie\u00dflich zu diesem Thema \u00a0&#8211; befassen.<\/p>\n<p>Der unter Punkt Verschiedenes gestellte Antrag des 1. Schriftf\u00fchrers auf Nutzung des Mediums E-Mail bei vereinsinternen Ladungen und Schriftwechsel wurde angenommen.<\/p>\n<p>Nach fast 4 Stunden Marathonsitzung bedankte sich der 1. Vorsitzende bei allen scheidenden Vorstandsmitgliedern f\u00fcr die geleistete Arbeit, begr\u00fc\u00dfte alle neuen Amtstr\u00e4ger und schloss die Versammlung mit dem K\u00f6nigslied.<\/p>\n<p><img decoding=\"async\" src=\"https:\/\/mail.google.com\/mail\/u\/0\/?ui=2&amp;ik=bb10ccb30a&amp;view=fimg&amp;th=1496ff9b67442c40&amp;attid=0.0.1&amp;disp=inline&amp;safe=1&amp;attbid=ANGjdJ9qQ4B1Lo-gu68QXxExaRWky0lSAJ4pvrIfGgYl7xD9oyFTmuwvrIP-hmNvGBRC45O-r_E4wmMCv1ul2PQmhTWgHfTNJqTMFLuSlFf9s4Q1xsjJFUqIaSkDtw0&amp;ats=1414997712316&amp;rm=1496ff9b67442c40&amp;zw&amp;sz=w1896-h955\" alt=\"DSCF1242.JPG wird angezeigt.\" \/><\/p>\n<p>Bild: Vorstand des Sch\u00fctzenvereins \u201eFrohsinn\u201c Greven-Ost mit den neuen Mitgliedern: Klaus Fraune, Andreas D\u00f6pker, Volker Havixbeck.<\/p>\n","protected":false},"excerpt":{"rendered":"<p>Am 01. November fand im Vereinslokal \u201eZum Goldenen Stern\u201c die diesj\u00e4hrige Jahreshauptversammlung des Sch\u00fctzenvereins Frohsinn Greven-Ost 1925 e.V. statt. Der 1. Vorsitzende Helmut T\u00fcnte begr\u00fc\u00dfte die 54 Mitglieder, insbesondere das K\u00f6nigspaar Thomas und Britta&#46;&#46;&#46;<\/p>\n","protected":false},"author":5,"featured_media":0,"comment_status":"closed","ping_status":"closed","sticky":false,"template":"","format":"standard","meta":{"ngg_post_thumbnail":0,"footnotes":""},"categories":[1],"tags":[],"class_list":["post-228885","post","type-post","status-publish","format-standard","hentry","category-hauptartikel"],"_links":{"self":[{"href":"https:\/\/www.frohsinn-ost.de\/index.php?rest_route=\/wp\/v2\/posts\/228885","targetHints":{"allow":["GET"]}}],"collection":[{"href":"https:\/\/www.frohsinn-ost.de\/index.php?rest_route=\/wp\/v2\/posts"}],"about":[{"href":"https:\/\/www.frohsinn-ost.de\/index.php?rest_route=\/wp\/v2\/types\/post"}],"author":[{"embeddable":true,"href":"https:\/\/www.frohsinn-ost.de\/index.php?rest_route=\/wp\/v2\/users\/5"}],"replies":[{"embeddable":true,"href":"https:\/\/www.frohsinn-ost.de\/index.php?rest_route=%2Fwp%2Fv2%2Fcomments&post=228885"}],"version-history":[{"count":1,"href":"https:\/\/www.frohsinn-ost.de\/index.php?rest_route=\/wp\/v2\/posts\/228885\/revisions"}],"predecessor-version":[{"id":228886,"href":"https:\/\/www.frohsinn-ost.de\/index.php?rest_route=\/wp\/v2\/posts\/228885\/revisions\/228886"}],"wp:attachment":[{"href":"https:\/\/www.frohsinn-ost.de\/index.php?rest_route=%2Fwp%2Fv2%2Fmedia&parent=228885"}],"wp:term":[{"taxonomy":"category","embeddable":true,"href":"https:\/\/www.frohsinn-ost.de\/index.php?rest_route=%2Fwp%2Fv2%2Fcategories&post=228885"},{"taxonomy":"post_tag","embeddable":true,"href":"https:\/\/www.frohsinn-ost.de\/index.php?rest_route=%2Fwp%2Fv2%2Ftags&post=228885"}],"curies":[{"name":"wp","href":"https:\/\/api.w.org\/{rel}","templated":true}]}}