{"id":228930,"date":"2014-11-14T13:52:44","date_gmt":"2014-11-14T12:52:44","guid":{"rendered":"http:\/\/www.frohsinn-ost.de\/?p=228930"},"modified":"2014-11-14T13:52:44","modified_gmt":"2014-11-14T12:52:44","slug":"einladung-zur-weihnachtsbaeckerei-2-0-im-roten-haus","status":"publish","type":"post","link":"https:\/\/www.frohsinn-ost.de\/?p=228930","title":{"rendered":"Einladung zur Weihnachtsb\u00e4ckerei 2.0 im Roten Haus"},"content":{"rendered":"<p><span style=\"color: #000000;\"><span style=\"font-family: 'Trebuchet MS', sans-serif;\"><span style=\"font-size: medium;\">in den vergangenen Jahren gab es ja sehr erfolgreich die Weihnachtsbackaktion bei Borgmanns&#8230; Leider ist die B\u00e4ckerei ja jetzt geschlossen.<\/span><\/span><\/span><\/p>\n<p><img loading=\"lazy\" decoding=\"async\" class=\"alignleft size-full wp-image-228931\" src=\"http:\/\/frohsinn-ost.de\/wordpress\/wp-content\/uploads\/2014\/11\/525907.jpg\" alt=\"525907\" width=\"420\" height=\"171\" \/><\/p>\n<p>&nbsp;<\/p>\n<p>&nbsp;<\/p>\n<p>&nbsp;<\/p>\n<p>&nbsp;<\/p>\n<p>&nbsp;<\/p>\n<p><span style=\"color: #000000;\"><span style=\"font-family: 'Trebuchet MS', sans-serif;\"><span style=\"font-size: medium;\">Wir machen jetzt was neues: die Backaktion 2.0 im Roten Haus. Am 09.12.2014 15.30 bis 18 Uhr werden wir mit unseren Kindern und den Heimbewohnern Pl\u00e4tzchen backen, belegen und naschen.<\/span><\/span><\/span><\/p>\n<p><span style=\"color: #000000;\"><span style=\"font-family: 'Trebuchet MS', sans-serif;\"><span style=\"font-size: medium;\">Die Leitung des CMS Pflegewohnstift Greven Philipp-Manz-Str. 5 stellt uns hierf\u00fcr die Cafeteria und den K\u00fcchenbereich zur Verf\u00fcgung.<img loading=\"lazy\" decoding=\"async\" class=\"alignleft  wp-image-228932\" src=\"http:\/\/frohsinn-ost.de\/wordpress\/wp-content\/uploads\/2014\/11\/stanzbuch-weihnachtsbaeckerei.jpg\" alt=\"stanzbuch-weihnachtsbaeckerei\" width=\"279\" height=\"238\" \/> <\/span><\/span><\/span><\/p>\n<p><span style=\"color: #000000;\"><span style=\"font-family: 'Trebuchet MS', sans-serif;\"><span style=\"font-size: medium;\">Jedes Mitglied ist eingeladen dabei zu sein, bringt doch zum Beispiel Eure Nichten\/Neffen oder Enkelkinder mit (auch wenn deren Eltern nicht im Verein sind! (NOCH nicht?!?)) F\u00fcr Getr\u00e4nke ist gesorgt und die Kinder bekommen genug Teig um Pl\u00e4tzchen backen zu k\u00f6nnen.<\/span><\/span><\/span><\/p>\n<p><span style=\"color: #000000;\"><span style=\"font-family: 'Trebuchet MS', sans-serif;\"><span style=\"font-size: medium;\">Damit aber auch wirklich genug Teig da ist, wird gebeten sich\u00a0bis zum 02.12.2014 anzumelden unter 02571-40891 oder <\/span><\/span><\/span><span style=\"color: #000080;\"><span lang=\"zxx\"><span style=\"text-decoration: underline;\"><a href=\"mailto:jugendarbeit@frohsinn-ost.de\"><span style=\"color: #000000;\"><span style=\"font-family: 'Trebuchet MS', sans-serif;\"><span style=\"font-size: medium;\">jugendarbeit@frohsinn-ost.de<\/span><\/span><\/span><\/a><\/span><\/span><\/span><span style=\"color: #000000;\"><span style=\"font-family: 'Trebuchet MS', sans-serif;\"><span style=\"font-size: medium;\">. Zu den Kosten f\u00fcr die Zutaten: null komma nix! Der Jugendausschuss zahlt!<\/span><\/span><\/span><\/p>\n<p><span style=\"color: #000000;\"><span style=\"font-family: 'Trebuchet MS', sans-serif;\"><span style=\"font-size: medium;\">Wir freuen uns auf jeden der mitmacht!<\/span><\/span><\/span><\/p>\n<p>Jugendausschuss<\/p>\n","protected":false},"excerpt":{"rendered":"<p>in den vergangenen Jahren gab es ja sehr erfolgreich die Weihnachtsbackaktion bei Borgmanns&#8230; Leider ist die B\u00e4ckerei ja jetzt geschlossen. &nbsp; &nbsp; &nbsp; &nbsp; &nbsp; Wir machen jetzt was neues: die Backaktion 2.0 im&#46;&#46;&#46;<\/p>\n","protected":false},"author":5,"featured_media":0,"comment_status":"closed","ping_status":"closed","sticky":false,"template":"","format":"standard","meta":{"ngg_post_thumbnail":0,"footnotes":""},"categories":[8],"tags":[],"class_list":["post-228930","post","type-post","status-publish","format-standard","hentry","category-jugendausschuss"],"_links":{"self":[{"href":"https:\/\/www.frohsinn-ost.de\/index.php?rest_route=\/wp\/v2\/posts\/228930","targetHints":{"allow":["GET"]}}],"collection":[{"href":"https:\/\/www.frohsinn-ost.de\/index.php?rest_route=\/wp\/v2\/posts"}],"about":[{"href":"https:\/\/www.frohsinn-ost.de\/index.php?rest_route=\/wp\/v2\/types\/post"}],"author":[{"embeddable":true,"href":"https:\/\/www.frohsinn-ost.de\/index.php?rest_route=\/wp\/v2\/users\/5"}],"replies":[{"embeddable":true,"href":"https:\/\/www.frohsinn-ost.de\/index.php?rest_route=%2Fwp%2Fv2%2Fcomments&post=228930"}],"version-history":[{"count":1,"href":"https:\/\/www.frohsinn-ost.de\/index.php?rest_route=\/wp\/v2\/posts\/228930\/revisions"}],"predecessor-version":[{"id":228933,"href":"https:\/\/www.frohsinn-ost.de\/index.php?rest_route=\/wp\/v2\/posts\/228930\/revisions\/228933"}],"wp:attachment":[{"href":"https:\/\/www.frohsinn-ost.de\/index.php?rest_route=%2Fwp%2Fv2%2Fmedia&parent=228930"}],"wp:term":[{"taxonomy":"category","embeddable":true,"href":"https:\/\/www.frohsinn-ost.de\/index.php?rest_route=%2Fwp%2Fv2%2Fcategories&post=228930"},{"taxonomy":"post_tag","embeddable":true,"href":"https:\/\/www.frohsinn-ost.de\/index.php?rest_route=%2Fwp%2Fv2%2Ftags&post=228930"}],"curies":[{"name":"wp","href":"https:\/\/api.w.org\/{rel}","templated":true}]}}