{"id":291034,"date":"2015-11-12T11:27:52","date_gmt":"2015-11-12T10:27:52","guid":{"rendered":"http:\/\/www.frohsinn-ost.de\/?p=291034"},"modified":"2015-11-12T11:27:52","modified_gmt":"2015-11-12T10:27:52","slug":"bericht-von-der-jahreshauptversammlung-2","status":"publish","type":"post","link":"https:\/\/www.frohsinn-ost.de\/?p=291034","title":{"rendered":"Bericht von der Jahreshauptversammlung"},"content":{"rendered":"<p>Am Samstagnachmittag um 15:00 Uhr, fand die Jahreshauptversammlung des\u00a0Sch\u00fctzenvereins \u201eFrohsinn\u201c Greven\u2013Ost 1925 e.V. in der Gastst\u00e4tte \u201eZum Goldenen Stern\u201c\u00a0statt.<\/p>\n<p>Der 1. Vorsitzende Helmut T\u00fcnte konnte ca. 50 Mitglieder begr\u00fc\u00dfen. Ein besonderer Gru\u00df\u00a0gilt der amtierenden K\u00f6nig Michael Beumer und die Kaiserin Elke Fritzler, sowie allen\u00a0anderen Kettentr\u00e4gern. Mit einer Gedenkminute wurde den Verstorbenen gedacht.\u00a0Aufmerksam wurde dem Jahresbricht des 1. Vorsitzenden (Helmut T\u00fcnte), sowie den\u00a0Berichten der Schie\u00dfgruppe (Marc Wischnewski), des Spielmannszuges (Yvonne Keller), der\u00a0Ehrengarde (Mareike Bockelj\u00fcrgen) und dem Jugendausschuss (Julia D\u00f6pker) zugeh\u00f6rt.<\/p>\n<p>Der 2. Kassierer Klaus Fraune gab die Einnahmen und Ausgaben des Jahres 2015 im\u00a0Kassenbericht bekannt. Wir haben Kasse und Belege gepr\u00fcft, \u201ees ist alles in Ordnung\u201c,\u00a0erkl\u00e4rte der Kassenpr\u00fcfer Peter D\u00f6pker im Namen der Kassenpr\u00fcfer. Somit wurde dem\u00a0Kassierer und dem Vorstand einstimmig Entlastung erteilt.<\/p>\n<p>Die Wahlen des zivilen und milit\u00e4rischen Vorstandes ergaben viele \u00c4nderungen:<\/p>\n<p>Die 1. Kassiererin Britta K\u00f6tterjohann wurde in Ihrem Amt wiedergew\u00e4hlt.<br \/>\n2. Vorsitzender Klaus Fraune<br \/>\n2. Kassierer Volker Havixbeck<br \/>\n1. Schriftf\u00fchrer Andreas D\u00f6pker<br \/>\n2. Schriftf\u00fchrer Patrick T\u00fcnte<br \/>\nBeisitzer Tobias Madeia,\u00a0Thomas K\u00f6tterjohann,\u00a0Jan Thewes, Michael Beumer<\/p>\n<p><img loading=\"lazy\" decoding=\"async\" class=\"alignleft size-full wp-image-291035\" src=\"http:\/\/frohsinn-ost.de\/wordpress\/wp-content\/uploads\/2015\/11\/IMG_5938.jpg\" alt=\"IMG_5938\" width=\"3264\" height=\"2448\" \/><\/p>\n<p>Oberst Jan Keller<br \/>\nHauptmann Markus D\u00f6pker<br \/>\nLeutnant: Steffen Denter<\/p>\n<p>An der Schl\u00fcssel\u00fcbergabe nehmen der Spielmannszug und der Vorstand teil. Beim\u00a0Karnevalsumzug wird der Sch\u00fctzenverein mit dem Spielmannszug teilnehmen.\u00a0Das Sch\u00fctzenfest findet am Pfingst-Wochenende im und um das \u201eBallenlager\u201c statt. Ab dem\u00a0n\u00e4chsten Jahr werden Junggesellenk\u00f6nig, K\u00f6nig und Kaiser nicht mehr sonntags, sondern am\u00a0Samstagnachmittag ermittelt. Am Pfingstsonntag findet morgens die Messe mit\u00a0Kranzniederlegung, mittags ein kleiner Fr\u00fchschoppen mit einen Unterhaltungskonzert der\u00a0Saerbecker Blaskappelle und abends der gro\u00dfe K\u00f6nigsball mit einer 4 Mann Liveband statt.\u00a0Am Montag wird es dann den traditionelle Fr\u00fchschoppen und das Bierk\u00f6nigschie\u00dfen geben.<\/p>\n<p>Die Organisation des Kindersch\u00fctzenfestes liegt wieder in den H\u00e4nden des Jugendausschusses<\/p>\n<p>Am 11. M\u00e4rz 2016 veranstaltet der Sch\u00fctzenverein zum 30. Mal das Doppelkopfturnier im\u00a0\u201eBallenlager\u201c und am 18. M\u00e4rz 2016 findet das Skatturnier in der Gastst\u00e4tte \u201eZum Goldenen\u00a0Stern\u201c statt. Am Samstag den 19. M\u00e4rz 2016 findet um 15:00 Uhr der Seniorennachmittag in\u00a0der Kultschmiede statt.<\/p>\n<p>Mit dem Dank des 1.Vorsitzenden ging sie diesj\u00e4hrige Generalversammlung zu Ende.<\/p>\n","protected":false},"excerpt":{"rendered":"<p>Am Samstagnachmittag um 15:00 Uhr, fand die Jahreshauptversammlung des\u00a0Sch\u00fctzenvereins \u201eFrohsinn\u201c Greven\u2013Ost 1925 e.V. in der Gastst\u00e4tte \u201eZum Goldenen Stern\u201c\u00a0statt. Der 1. Vorsitzende Helmut T\u00fcnte konnte ca. 50 Mitglieder begr\u00fc\u00dfen. Ein besonderer Gru\u00df\u00a0gilt der amtierenden&#46;&#46;&#46;<\/p>\n","protected":false},"author":5,"featured_media":0,"comment_status":"closed","ping_status":"closed","sticky":false,"template":"","format":"standard","meta":{"ngg_post_thumbnail":0,"footnotes":""},"categories":[1],"tags":[],"class_list":["post-291034","post","type-post","status-publish","format-standard","hentry","category-hauptartikel"],"_links":{"self":[{"href":"https:\/\/www.frohsinn-ost.de\/index.php?rest_route=\/wp\/v2\/posts\/291034","targetHints":{"allow":["GET"]}}],"collection":[{"href":"https:\/\/www.frohsinn-ost.de\/index.php?rest_route=\/wp\/v2\/posts"}],"about":[{"href":"https:\/\/www.frohsinn-ost.de\/index.php?rest_route=\/wp\/v2\/types\/post"}],"author":[{"embeddable":true,"href":"https:\/\/www.frohsinn-ost.de\/index.php?rest_route=\/wp\/v2\/users\/5"}],"replies":[{"embeddable":true,"href":"https:\/\/www.frohsinn-ost.de\/index.php?rest_route=%2Fwp%2Fv2%2Fcomments&post=291034"}],"version-history":[{"count":1,"href":"https:\/\/www.frohsinn-ost.de\/index.php?rest_route=\/wp\/v2\/posts\/291034\/revisions"}],"predecessor-version":[{"id":291036,"href":"https:\/\/www.frohsinn-ost.de\/index.php?rest_route=\/wp\/v2\/posts\/291034\/revisions\/291036"}],"wp:attachment":[{"href":"https:\/\/www.frohsinn-ost.de\/index.php?rest_route=%2Fwp%2Fv2%2Fmedia&parent=291034"}],"wp:term":[{"taxonomy":"category","embeddable":true,"href":"https:\/\/www.frohsinn-ost.de\/index.php?rest_route=%2Fwp%2Fv2%2Fcategories&post=291034"},{"taxonomy":"post_tag","embeddable":true,"href":"https:\/\/www.frohsinn-ost.de\/index.php?rest_route=%2Fwp%2Fv2%2Ftags&post=291034"}],"curies":[{"name":"wp","href":"https:\/\/api.w.org\/{rel}","templated":true}]}}