{"id":291066,"date":"2016-03-31T08:21:44","date_gmt":"2016-03-31T06:21:44","guid":{"rendered":"http:\/\/www.frohsinn-ost.de\/?p=291066"},"modified":"2016-03-31T08:21:44","modified_gmt":"2016-03-31T06:21:44","slug":"seniorennachmittag-am-19-03-2016","status":"publish","type":"post","link":"https:\/\/www.frohsinn-ost.de\/?p=291066","title":{"rendered":"Seniorennachmittag am 19.03.2016"},"content":{"rendered":"<p>Am Nachmittag des 19.03.2016 fand in der Kulturschmiede der Seniorennachmittag des Sch\u00fctzenvereins \u201eFrohsinn\u201c Greven-Ost 1925 e.V. statt.<br \/>\nDer 2. Vorsitzende Klaus Fraune konnte ca. 95 Teilnehmer in dem komplett besetzten Saal begr\u00fc\u00dfen.<br \/>\nNach dem gemeinsamen Kaffeetrinken hatte der Spielmannszug einen Auftritt. Peter D\u00f6pker zeigte einen 20 minutigen Film vom Jubil\u00e4umssch\u00fctzenfest von 1975. Da kamen einige Erinnerung wieder und man hat sich gerne an die alte Zeit zur\u00fcckerinnert.<br \/>\nDie neue Initiative \u201eMusical-Projekt Greven\u201c unter der Leitung von Manuel Jahnke f\u00fchrten dann einen kleinen Ausschnitt aus Ihrem aktuellen Projekt \u201eIm Wei\u00dfe R\u00f6ssl\u201c auf. Auch dies kam hervorragend bei dem Publikum an.<br \/>\nBeim anschlie\u00dfenden Bingospiel konnten sich Ulla Heilmann, Renate Fauth und Alfons Hunke \u00fcber einen sehr gut gef\u00fcllten Pr\u00e4sentkorb freuen.<br \/>\nZum Abschluss der Veranstaltung wurden mit dem Vorstand noch das K\u00f6nigs und Kaiserlied gesungen.<\/p>\n<p><img loading=\"lazy\" decoding=\"async\" class=\"alignleft size-full wp-image-291069\" src=\"http:\/\/frohsinn-ost.de\/wordpress\/wp-content\/uploads\/2016\/03\/IMG_6735.jpg\" alt=\"IMG_6735\" width=\"1200\" height=\"1600\" srcset=\"https:\/\/www.frohsinn-ost.de\/wordpress\/wp-content\/uploads\/2016\/03\/IMG_6735.jpg 1200w, https:\/\/www.frohsinn-ost.de\/wordpress\/wp-content\/uploads\/2016\/03\/IMG_6735-768x1024.jpg 768w\" sizes=\"auto, (max-width: 1200px) 100vw, 1200px\" \/> <img loading=\"lazy\" decoding=\"async\" class=\"alignleft size-full wp-image-291067\" src=\"http:\/\/frohsinn-ost.de\/wordpress\/wp-content\/uploads\/2016\/03\/IMG_6712.jpg\" alt=\"IMG_6712\" width=\"1600\" height=\"1200\" srcset=\"https:\/\/www.frohsinn-ost.de\/wordpress\/wp-content\/uploads\/2016\/03\/IMG_6712.jpg 1600w, https:\/\/www.frohsinn-ost.de\/wordpress\/wp-content\/uploads\/2016\/03\/IMG_6712-768x576.jpg 768w\" sizes=\"auto, (max-width: 1600px) 100vw, 1600px\" \/> <img loading=\"lazy\" decoding=\"async\" class=\"alignleft size-full wp-image-291068\" src=\"http:\/\/frohsinn-ost.de\/wordpress\/wp-content\/uploads\/2016\/03\/IMG_6730.jpg\" alt=\"IMG_6730\" width=\"1200\" height=\"1600\" srcset=\"https:\/\/www.frohsinn-ost.de\/wordpress\/wp-content\/uploads\/2016\/03\/IMG_6730.jpg 1200w, https:\/\/www.frohsinn-ost.de\/wordpress\/wp-content\/uploads\/2016\/03\/IMG_6730-768x1024.jpg 768w\" sizes=\"auto, (max-width: 1200px) 100vw, 1200px\" \/><\/p>\n","protected":false},"excerpt":{"rendered":"<p>Am Nachmittag des 19.03.2016 fand in der Kulturschmiede der Seniorennachmittag des Sch\u00fctzenvereins \u201eFrohsinn\u201c Greven-Ost 1925 e.V. statt. Der 2. Vorsitzende Klaus Fraune konnte ca. 95 Teilnehmer in dem komplett besetzten Saal begr\u00fc\u00dfen. Nach dem&#46;&#46;&#46;<\/p>\n","protected":false},"author":5,"featured_media":0,"comment_status":"closed","ping_status":"closed","sticky":false,"template":"","format":"standard","meta":{"ngg_post_thumbnail":0,"footnotes":""},"categories":[1],"tags":[],"class_list":["post-291066","post","type-post","status-publish","format-standard","hentry","category-hauptartikel"],"_links":{"self":[{"href":"https:\/\/www.frohsinn-ost.de\/index.php?rest_route=\/wp\/v2\/posts\/291066","targetHints":{"allow":["GET"]}}],"collection":[{"href":"https:\/\/www.frohsinn-ost.de\/index.php?rest_route=\/wp\/v2\/posts"}],"about":[{"href":"https:\/\/www.frohsinn-ost.de\/index.php?rest_route=\/wp\/v2\/types\/post"}],"author":[{"embeddable":true,"href":"https:\/\/www.frohsinn-ost.de\/index.php?rest_route=\/wp\/v2\/users\/5"}],"replies":[{"embeddable":true,"href":"https:\/\/www.frohsinn-ost.de\/index.php?rest_route=%2Fwp%2Fv2%2Fcomments&post=291066"}],"version-history":[{"count":1,"href":"https:\/\/www.frohsinn-ost.de\/index.php?rest_route=\/wp\/v2\/posts\/291066\/revisions"}],"predecessor-version":[{"id":291070,"href":"https:\/\/www.frohsinn-ost.de\/index.php?rest_route=\/wp\/v2\/posts\/291066\/revisions\/291070"}],"wp:attachment":[{"href":"https:\/\/www.frohsinn-ost.de\/index.php?rest_route=%2Fwp%2Fv2%2Fmedia&parent=291066"}],"wp:term":[{"taxonomy":"category","embeddable":true,"href":"https:\/\/www.frohsinn-ost.de\/index.php?rest_route=%2Fwp%2Fv2%2Fcategories&post=291066"},{"taxonomy":"post_tag","embeddable":true,"href":"https:\/\/www.frohsinn-ost.de\/index.php?rest_route=%2Fwp%2Fv2%2Ftags&post=291066"}],"curies":[{"name":"wp","href":"https:\/\/api.w.org\/{rel}","templated":true}]}}