{"id":291517,"date":"2017-11-12T19:48:28","date_gmt":"2017-11-12T18:48:28","guid":{"rendered":"http:\/\/frohsinnost.thewes-it.de\/?p=291517"},"modified":"2017-11-12T20:22:48","modified_gmt":"2017-11-12T19:22:48","slug":"generalversammlung-bei-frohsinn-greven-ost","status":"publish","type":"post","link":"https:\/\/www.frohsinn-ost.de\/?p=291517","title":{"rendered":"Generalversammlung bei Frohsinn Greven Ost"},"content":{"rendered":"<p>[contact-form][contact-field label=&#8220;Name&#8220; type=&#8220;name&#8220;  required=&#8220;true&#8220; \/][contact-field label=&#8220;E-Mail &#8220; type=&#8220;email&#8220; required=&#8220;true&#8220; \/][contact-field label=&#8220;Website&#8220; type=&#8220;url&#8220; \/][contact-field label=&#8220;Nachricht&#8220; type=&#8220;textarea&#8220; \/][\/contact-form]<\/p>\n<p>Am Samstagnachmittag 04.11.2017 um 16:00 Uhr, fand die Jahreshauptversammlung des Sch\u00fctzenvereins \u201eFrohsinn\u201c Greven\u2013Ost 1925 e.V. in der Gastst\u00e4tte \u201eZum Goldenen Stern\u201c statt.<\/p>\n<p>Der 1. Vorsitzende Volker Havixbeck konnte ca. 50 Mitglieder begr\u00fc\u00dfen. Ein besonderer Gru\u00df gilt der amtierenden K\u00f6nigspaar Jan und Annabell Thewes und dem Kaiserpaar Thomas und Britta K\u00f6tterjohann, sowie allen anderen Kettentr\u00e4gern. Mit einer Gedenkminute wurde den Verstorbenen gedacht.<\/p>\n<p>Aufmerksam wurde dem Jahresbricht des 1. Vorsitzenden (Volker Havixbeck), sowie den Berichten der Schie\u00dfgruppe (Marc Wischnewski), des Spielmannszuges (Sarah Waldendorf), der Ehrengarde (Markus D\u00f6pker) und dem Jugendausschuss (Sarah Waldendorf) zugeh\u00f6rt.<\/p>\n<p>Der 2. Kassierer gab die Einnahmen und Ausgaben des Jahres 2016\/2017 im Kassenbericht bekannt. Wir haben Kasse und Belege gepr\u00fcft, \u201ees ist alles in Ordnung\u201c, erkl\u00e4rte der Kassenpr\u00fcfer Helmut T\u00fcnte im Namen der Kassenpr\u00fcfer. Somit wurde der Kassiererin und dem Vorstand einstimmig Entlastung erteilt.<\/p>\n<p>Die Wahlen des zivilen und milit\u00e4rischen Vorstandes ergaben eine \u00c4nderung:<\/p>\n<p>Marc Wischnewski wurde von der Versammlung zum neuen 2. Vorsitzenden gew\u00e4hlt.<\/p>\n<p>Britta K\u00f6tterjohann als 1. Kassiererin und Andreas D\u00f6pker als 1. Schriftf\u00fchrer, sowie die Beisitzer Jan Thewes und Tobias Madeia wurden in Ihren \u00c4mtern einstimmig von der Versammlung wiedergew\u00e4hlt und geh\u00f6ren somit &nbsp;weitere zwei Jahre dem Vorstand an.<\/p>\n<p>Beim Milit\u00e4rischen Vorstand gab es keine Ver\u00e4nderungen.<\/p>\n<p>Oberst Jan Keller, Adjutant Sebastian Sutthoff, Hauptmann Markus D\u00f6pker, Leutnant Steffen Denter, Feldwebel Patrick T\u00fcnte, sowie die Fahnentr\u00e4ger Christian Hillenk\u00f6tter, G\u00fcnther Ohrmann und Franz Klein wurden in Ihren \u00c4mtern einstimmig wiedergew\u00e4hlt.<br \/>\nDie Kasse wird von Anne Fraune, Heinrich M\u00f6llerherm, Robin Denter und Maik Sch\u00e4permeier gepr\u00fcft.<\/p>\n<p>An der Schl\u00fcssel\u00fcbergabe nehmen der Spielmannszug und der Vorstand teil. Beim Karnevalsumzug wird der Sch\u00fctzenverein mit dem Spielmannszug teilnehmen,<\/p>\n<p>Das Sch\u00fctzenfest findet am Pfingst-Wochenende im und um das \u201eBallenlager\u201c statt. N\u00e4chstes Jahr werden Junggesellenk\u00f6nig und K\u00f6nig wieder am Samstagnachmittag ermittelt. Am Pfingstsonntag findet morgens die Messe mit Kranzniederlegung, mittags ein kleiner Fr\u00fchschoppen mit einem Unterhaltungskonzert der Saerbecker Blaskappelle und abends der gro\u00dfe K\u00f6nigsball mit der 4 Mann Liveband \u201eRaindrops\u201cstatt. Am Montag wird es dann den traditionelle Fr\u00fchschoppen und das Bierk\u00f6nigschie\u00dfen geben.<br \/>\nDie Organisation des Kindersch\u00fctzenfestes liegt wieder in den H\u00e4nden des Jugendausschusses<\/p>\n<p>Am 09. M\u00e4rz 2018 veranstaltet der Sch\u00fctzenverein zum 32. Mal das Doppelkopfturnier im \u201eBallenlager\u201c und am 16. M\u00e4rz 2018 findet das Skatturnier in der Gastst\u00e4tte \u201eZum Goldenen Stern\u201c statt.<\/p>\n<p>Mit dem Dank des neuen 1.Vorsitzenden ging die diesj\u00e4hrige Generalversammlung zu Ende.<\/p>\n<p><img loading=\"lazy\" decoding=\"async\" class=\"alignnone size-medium wp-image-291518\" src=\"http:\/\/frohsinnost.thewes-it.de\/wordpress\/wp-content\/uploads\/2017\/11\/Generalversammlung-2017-3000x1723.jpg\" alt=\"\" width=\"3000\" height=\"1723\" srcset=\"https:\/\/www.frohsinn-ost.de\/wordpress\/wp-content\/uploads\/2017\/11\/Generalversammlung-2017-3000x1723.jpg 3000w, https:\/\/www.frohsinn-ost.de\/wordpress\/wp-content\/uploads\/2017\/11\/Generalversammlung-2017-768x441.jpg 768w\" sizes=\"auto, (max-width: 3000px) 100vw, 3000px\" \/><\/p>\n","protected":false},"excerpt":{"rendered":"<p>[contact-form][contact-field label=&#8220;Name&#8220; type=&#8220;name&#8220; required=&#8220;true&#8220; \/][contact-field label=&#8220;E-Mail &#8220; type=&#8220;email&#8220; required=&#8220;true&#8220; \/][contact-field label=&#8220;Website&#8220; type=&#8220;url&#8220; \/][contact-field label=&#8220;Nachricht&#8220; type=&#8220;textarea&#8220; \/][\/contact-form] Am Samstagnachmittag 04.11.2017 um 16:00 Uhr, fand die Jahreshauptversammlung des Sch\u00fctzenvereins \u201eFrohsinn\u201c Greven\u2013Ost 1925 e.V. in der Gastst\u00e4tte&#46;&#46;&#46;<\/p>\n","protected":false},"author":5,"featured_media":0,"comment_status":"open","ping_status":"closed","sticky":false,"template":"","format":"standard","meta":{"ngg_post_thumbnail":0,"footnotes":""},"categories":[1],"tags":[],"class_list":["post-291517","post","type-post","status-publish","format-standard","hentry","category-hauptartikel"],"_links":{"self":[{"href":"https:\/\/www.frohsinn-ost.de\/index.php?rest_route=\/wp\/v2\/posts\/291517","targetHints":{"allow":["GET"]}}],"collection":[{"href":"https:\/\/www.frohsinn-ost.de\/index.php?rest_route=\/wp\/v2\/posts"}],"about":[{"href":"https:\/\/www.frohsinn-ost.de\/index.php?rest_route=\/wp\/v2\/types\/post"}],"author":[{"embeddable":true,"href":"https:\/\/www.frohsinn-ost.de\/index.php?rest_route=\/wp\/v2\/users\/5"}],"replies":[{"embeddable":true,"href":"https:\/\/www.frohsinn-ost.de\/index.php?rest_route=%2Fwp%2Fv2%2Fcomments&post=291517"}],"version-history":[{"count":3,"href":"https:\/\/www.frohsinn-ost.de\/index.php?rest_route=\/wp\/v2\/posts\/291517\/revisions"}],"predecessor-version":[{"id":291537,"href":"https:\/\/www.frohsinn-ost.de\/index.php?rest_route=\/wp\/v2\/posts\/291517\/revisions\/291537"}],"wp:attachment":[{"href":"https:\/\/www.frohsinn-ost.de\/index.php?rest_route=%2Fwp%2Fv2%2Fmedia&parent=291517"}],"wp:term":[{"taxonomy":"category","embeddable":true,"href":"https:\/\/www.frohsinn-ost.de\/index.php?rest_route=%2Fwp%2Fv2%2Fcategories&post=291517"},{"taxonomy":"post_tag","embeddable":true,"href":"https:\/\/www.frohsinn-ost.de\/index.php?rest_route=%2Fwp%2Fv2%2Ftags&post=291517"}],"curies":[{"name":"wp","href":"https:\/\/api.w.org\/{rel}","templated":true}]}}