{"id":291588,"date":"2018-05-16T17:25:22","date_gmt":"2018-05-16T15:25:22","guid":{"rendered":"http:\/\/frohsinnost.thewes-it.de\/?p=291588"},"modified":"2018-05-16T17:25:22","modified_gmt":"2018-05-16T15:25:22","slug":"jan-keller-ist-vereinsmeister-bei-frohsinn-ost","status":"publish","type":"post","link":"https:\/\/www.frohsinn-ost.de\/?p=291588","title":{"rendered":"Jan Keller ist Vereinsmeister bei Frohsinn Ost"},"content":{"rendered":"<p><span class=\"s2\"><span class=\"bumpedFont15\">Jan Keller<\/span><\/span><span class=\"s2\"><span class=\"bumpedFont15\"> ist seit Donnerstag <\/span><\/span><span class=\"s2\"><span class=\"bumpedFont15\">(Christi Himmelfahrt) <\/span><\/span><span class=\"s2\"><span class=\"bumpedFont15\">neue<\/span><\/span><span class=\"s2\"><span class=\"bumpedFont15\">Vereinsmeister des Sch\u00fctzenvereins Frohsinn Ost<\/span><\/span><span class=\"s2\"><span class=\"bumpedFont15\">.<\/span><\/span><\/p>\n<p><span class=\"s2\"><span class=\"bumpedFont15\">Ingesamt 40 Auszeichnungen warteten auf die Gewinner des traditionellen Medaillen-schie\u00dfens. Auf dem Schie\u00dfstand der SSF Greve<\/span><\/span><span class=\"s2\"><span class=\"bumpedFont15\">n 195<\/span><\/span><span class=\"s2\"><span class=\"bumpedFont15\">8 e.V. in <\/span><\/span><span class=\"s2\"><span class=\"bumpedFont15\">Wentrup<\/span><\/span><span class=\"s2\"><span class=\"bumpedFont15\"> nutzen mehr als 6<\/span><\/span><span class=\"s2\"><span class=\"bumpedFont15\">5 <\/span><\/span><span class=\"s2\"><span class=\"bumpedFont15\">Teilnehmer die Gelegenheit, ihren Durchgang in den Disziplinen Kleinkaliber und Luftgewehr zu absolvieren. <\/span><\/span><\/p>\n<p><span class=\"s2\"><span class=\"bumpedFont15\">Als beste<\/span><\/span><span class=\"s2\"><span class=\"bumpedFont15\">r<\/span><\/span><span class=\"s2\"><span class=\"bumpedFont15\"> Sch\u00fctz<\/span><\/span><span class=\"s2\"><span class=\"bumpedFont15\">e<\/span><\/span><span class=\"s2\"><span class=\"bumpedFont15\"> in bei<\/span><\/span><span class=\"s2\"><span class=\"bumpedFont15\">den Wettk\u00e4mpfen konnte sich <\/span><\/span><span class=\"s2\"><span class=\"bumpedFont15\">Jan Keller<\/span><\/span><span class=\"s2\"><span class=\"bumpedFont15\"> als Vereinsmeister<\/span><\/span><span class=\"s2\"><span class=\"bumpedFont15\">in<\/span><\/span><span class=\"s2\"><span class=\"bumpedFont15\"> gegen eine sehr st<\/span><\/span><span class=\"s2\"><span class=\"bumpedFont15\">arke Konkurrenz durchsetzten. Sie<\/span><\/span><span class=\"s2\"><span class=\"bumpedFont15\"> errang diesen Titel <\/span><\/span><span class=\"s2\"><span class=\"bumpedFont15\">nach 2009 und 2013 <\/span><\/span><span class=\"s2\"><span class=\"bumpedFont15\">zum <\/span><\/span><span class=\"s2\"><span class=\"bumpedFont15\">dritten<\/span><\/span> <span class=\"s2\"><span class=\"bumpedFont15\">Mal<\/span><\/span><span class=\"s2\"><span class=\"bumpedFont15\">. <\/span><\/span><span class=\"s2\"><span class=\"bumpedFont15\">Er<\/span><\/span><span class=\"s2\"><span class=\"bumpedFont15\"> pr\u00e4sentierte sich stolz den A<\/span><\/span><span class=\"s2\"><span class=\"bumpedFont15\">nwesenden. <\/span><\/span><span class=\"s2\"><span class=\"bumpedFont15\">Er<\/span><\/span><span class=\"s2\"><span class=\"bumpedFont15\">schie\u00dft seit ca. 1<\/span><\/span><span class=\"s2\"><span class=\"bumpedFont15\">1<\/span><\/span><span class=\"s2\"><span class=\"bumpedFont15\"> Jahren aktiv in der Schie<\/span><\/span><span class=\"s2\"><span class=\"bumpedFont15\">\u00dfgruppe <\/span><\/span><span class=\"s2\"><span class=\"bumpedFont15\">und ist <\/span><\/span><span class=\"s2\"><span class=\"bumpedFont15\">in der <\/span><\/span><span class=\"s2\"><span class=\"bumpedFont15\">1. Kleinkaliebermannschaft sowie in der 1<\/span><\/span><span class=\"s2\"><span class=\"bumpedFont15\">. Luftgewehrmannschaft<\/span><\/span><span class=\"s2\"><span class=\"bumpedFont15\">. Zud<\/span><\/span><span class=\"s2\"><span class=\"bumpedFont15\">em <\/span><\/span><span class=\"s2\"><span class=\"bumpedFont15\">bekleidet er seit einigen Jahre den Posten <\/span><\/span><span class=\"s2\"><span class=\"bumpedFont15\">des Oberst<\/span><\/span> <span class=\"s2\"><span class=\"bumpedFont15\">im<\/span><\/span> <span class=\"s2\"><span class=\"bumpedFont15\">S<\/span><\/span><span class=\"s2\"><span class=\"bumpedFont15\">ch\u00fctzenverein<\/span><\/span><span class=\"s2\"><span class=\"bumpedFont15\">. <\/span><\/span><\/p>\n<p><span class=\"s2\"><span class=\"bumpedFont15\">Die feierlich<\/span><\/span><span class=\"s2\"><span class=\"bumpedFont15\">e Ehrung folgt am Pfingstsonntag<\/span><\/span><span class=\"s2\"><span class=\"bumpedFont15\"> auf dem Sch\u00fctzenfestball<\/span><\/span><span class=\"s2\"><span class=\"bumpedFont15\">, wo Ih<\/span><\/span><span class=\"s2\"><span class=\"bumpedFont15\">m<\/span><\/span><span class=\"s2\"><span class=\"bumpedFont15\"> die Vereinsmeisterkett<\/span><\/span><span class=\"s2\"><span class=\"bumpedFont15\">e <\/span><\/span><span class=\"s2\"><span class=\"bumpedFont15\">feierlich <\/span><\/span><span class=\"s2\"><span class=\"bumpedFont15\">\u00fcberreicht wird. <\/span><\/span><span class=\"s2\"><span class=\"bumpedFont15\"><br \/>\n<\/span><\/span><span class=\"s2\"><span class=\"bumpedFont15\">Volker Havixbeck<\/span><\/span><span class=\"s2\"><span class=\"bumpedFont15\"> zeigte sich als Vorsitzender des Vereins sehr zufrieden. Ein gro\u00dfes Lob bekam auch die Schie\u00dfgruppe, die seit einigen Jahren schon die Organisation \u00fcbernimmt. <\/span><\/span><span class=\"s2\"><span class=\"bumpedFont15\">Sie<\/span><\/span><span class=\"s2\"><span class=\"bumpedFont15\">sorgte f\u00fcr das leibliche Wohl der Teilnehmer. O<\/span><\/span><span class=\"s2\"><span class=\"bumpedFont15\">b W\u00fcrstchen, oder Steakbr\u00f6tchen<\/span><\/span><span class=\"s2\"><span class=\"bumpedFont15\">, es fehlte an nichts.<\/span><\/span> <span class=\"s2\"><span class=\"bumpedFont15\">Zahlreiche G\u00e4ste <\/span><\/span><span class=\"s2\"><span class=\"bumpedFont15\">nutzten auch die zus\u00e4tzlichen Angebote wie das Schokoladenknobeln und das Pechvogelschie\u00dfen.<\/span><\/span><\/p>\n<p><span class=\"s2\"><span class=\"bumpedFont15\">Die Stimmung auf dem Schie\u00dfstand war <\/span><\/span><span class=\"s2\"><span class=\"bumpedFont15\">trotz schlechtem <\/span><\/span><span class=\"s2\"><span class=\"bumpedFont15\">Wetter ausgelassen<\/span><\/span><span class=\"s2\"><span class=\"bumpedFont15\"> und die Teilnehmer nutzten die M\u00f6glichkeit <\/span><\/span><a name=\"_GoBack\"><\/a><span class=\"s2\"><span class=\"bumpedFont15\">beim <\/span><\/span><span class=\"s2\"><span class=\"bumpedFont15\">gem\u00fctlichen Beisammensein<\/span><\/span><span class=\"s2\"><span class=\"bumpedFont15\"> und dem stimmungsvollen Ausklang auf dem Schie\u00dfstand, bevor dann am n\u00e4chsten Wochenende das Highlight mit dem Sch\u00fctzenfest ansteht.<\/span><\/span><\/p>\n<p>&nbsp;<\/p>\n<p><a href=\"http:\/\/frohsinnost.thewes-it.de\/wordpress\/wp-content\/uploads\/2018\/05\/Ergebnisse-2018.pdf\">Ergebnisse 2018<\/a><\/p>\n","protected":false},"excerpt":{"rendered":"<p>Jan Keller ist seit Donnerstag (Christi Himmelfahrt) neueVereinsmeister des Sch\u00fctzenvereins Frohsinn Ost. Ingesamt 40 Auszeichnungen warteten auf die Gewinner des traditionellen Medaillen-schie\u00dfens. Auf dem Schie\u00dfstand der SSF Greven 1958 e.V. in Wentrup nutzen mehr&#46;&#46;&#46;<\/p>\n","protected":false},"author":5,"featured_media":0,"comment_status":"open","ping_status":"closed","sticky":false,"template":"","format":"standard","meta":{"ngg_post_thumbnail":0,"footnotes":""},"categories":[1],"tags":[],"class_list":["post-291588","post","type-post","status-publish","format-standard","hentry","category-hauptartikel"],"_links":{"self":[{"href":"https:\/\/www.frohsinn-ost.de\/index.php?rest_route=\/wp\/v2\/posts\/291588","targetHints":{"allow":["GET"]}}],"collection":[{"href":"https:\/\/www.frohsinn-ost.de\/index.php?rest_route=\/wp\/v2\/posts"}],"about":[{"href":"https:\/\/www.frohsinn-ost.de\/index.php?rest_route=\/wp\/v2\/types\/post"}],"author":[{"embeddable":true,"href":"https:\/\/www.frohsinn-ost.de\/index.php?rest_route=\/wp\/v2\/users\/5"}],"replies":[{"embeddable":true,"href":"https:\/\/www.frohsinn-ost.de\/index.php?rest_route=%2Fwp%2Fv2%2Fcomments&post=291588"}],"version-history":[{"count":1,"href":"https:\/\/www.frohsinn-ost.de\/index.php?rest_route=\/wp\/v2\/posts\/291588\/revisions"}],"predecessor-version":[{"id":291590,"href":"https:\/\/www.frohsinn-ost.de\/index.php?rest_route=\/wp\/v2\/posts\/291588\/revisions\/291590"}],"wp:attachment":[{"href":"https:\/\/www.frohsinn-ost.de\/index.php?rest_route=%2Fwp%2Fv2%2Fmedia&parent=291588"}],"wp:term":[{"taxonomy":"category","embeddable":true,"href":"https:\/\/www.frohsinn-ost.de\/index.php?rest_route=%2Fwp%2Fv2%2Fcategories&post=291588"},{"taxonomy":"post_tag","embeddable":true,"href":"https:\/\/www.frohsinn-ost.de\/index.php?rest_route=%2Fwp%2Fv2%2Ftags&post=291588"}],"curies":[{"name":"wp","href":"https:\/\/api.w.org\/{rel}","templated":true}]}}