{"id":291596,"date":"2018-06-09T22:11:28","date_gmt":"2018-06-09T20:11:28","guid":{"rendered":"http:\/\/frohsinnost.thewes-it.de\/?p=291596"},"modified":"2018-06-09T22:11:28","modified_gmt":"2018-06-09T20:11:28","slug":"christian-hillenkoetter-regiert-bei-frohsinn-ost","status":"publish","type":"post","link":"https:\/\/www.frohsinn-ost.de\/?p=291596","title":{"rendered":"Christian Hillenk\u00f6tter regiert bei Frohsinn Ost"},"content":{"rendered":"<div id=\"attachment_291597\" style=\"width: 1415px\" class=\"wp-caption alignnone\"><img loading=\"lazy\" decoding=\"async\" aria-describedby=\"caption-attachment-291597\" class=\"size-full wp-image-291597\" src=\"http:\/\/frohsinnost.thewes-it.de\/wordpress\/wp-content\/uploads\/2018\/06\/EAB2AA67-CE2E-4EAE-9805-AD58E366F645.jpeg\" alt=\"\" width=\"1405\" height=\"768\" srcset=\"https:\/\/www.frohsinn-ost.de\/wordpress\/wp-content\/uploads\/2018\/06\/EAB2AA67-CE2E-4EAE-9805-AD58E366F645.jpeg 1405w, https:\/\/www.frohsinn-ost.de\/wordpress\/wp-content\/uploads\/2018\/06\/EAB2AA67-CE2E-4EAE-9805-AD58E366F645-768x420.jpeg 768w\" sizes=\"auto, (max-width: 1405px) 100vw, 1405px\" \/><p id=\"caption-attachment-291597\" class=\"wp-caption-text\">SONY DSC<\/p><\/div>\n<p><span class=\"s3\"><span class=\"bumpedFont15\">Am Pfingstwochenende fand das Sch\u00fctzenfest des Sch\u00fctzenvereins \u201eFrohsinn\u201c Gre<\/span><\/span><span class=\"s3\"><span class=\"bumpedFont15\">ven Ost 1925 e.V. statt. Nach <\/span><\/span><span class=\"s3\"><span class=\"bumpedFont15\">1<\/span><\/span><span class=\"s3\"><span class=\"bumpedFont15\">00<\/span><\/span> <span class=\"s3\"><span class=\"bumpedFont15\">Schuss <\/span><\/span><span class=\"s3\"><span class=\"bumpedFont15\">Klein<\/span><\/span><span class=\"s3\"><span class=\"bumpedFont15\">k<\/span><\/span><span class=\"s3\"><span class=\"bumpedFont15\">aliber und <\/span><\/span><span class=\"s3\"><span class=\"bumpedFont15\">55<\/span><\/span><span class=\"s3\"><span class=\"bumpedFont15\"> Schuss Schrot<\/span><\/span><span class=\"s3\"><span class=\"bumpedFont15\"> stand <\/span><\/span><span class=\"s3\"><span class=\"bumpedFont15\">Christian Hillenk\u00f6tter<\/span><\/span><span class=\"s3\"><span class=\"bumpedFont15\"> als K\u00f6nig fest. Zu seiner K\u00f6nigin erkor <\/span><\/span><span class=\"s3\"><span class=\"bumpedFont15\">er <\/span><\/span><span class=\"s3\"><span class=\"bumpedFont15\">seine Frau Martina<\/span><\/span><span class=\"s3\"><span class=\"bumpedFont15\">.<\/span><\/span> <span class=\"s3\"><span class=\"bumpedFont15\">Der K\u00f6nigsball war mit \u00fcber 320 Besuchern<\/span><\/span><span class=\"s3\"><span class=\"bumpedFont15\"> ein riesen Erfolg<\/span><\/span><span class=\"s3\"><span class=\"bumpedFont15\">.<\/span><\/span><\/p>\n<p><span class=\"s3\"><span class=\"bumpedFont15\">Das Sch\u00fctzenfest begann am <\/span><\/span><span class=\"s3\"><span class=\"bumpedFont15\">Freitagabend<\/span><\/span> <span class=\"s3\"><span class=\"bumpedFont15\">mit <\/span><\/span><span class=\"s3\"><span class=\"bumpedFont15\">dem <\/span><\/span><span class=\"s3\"><span class=\"bumpedFont15\">Rosenmachen und Vogel begutachten<\/span><\/span><span class=\"s3\"><span class=\"bumpedFont15\"> im Ballenlager<\/span><\/span><span class=\"s3\"><span class=\"bumpedFont15\">. <\/span><\/span><\/p>\n<p><span class=\"s3\"><span class=\"bumpedFont15\">Am Samstagmittag<\/span><\/span><span class=\"s3\"><span class=\"bumpedFont15\"> traten alle Mitglieder <\/span><\/span><span class=\"s3\"><span class=\"bumpedFont15\">an und m<\/span><\/span><span class=\"s3\"><span class=\"bumpedFont15\">it einem gemeinsamen Festumzug durch die <\/span><\/span><span class=\"s3\"><span class=\"bumpedFont15\">Stadt zum Ballenlager fing <\/span><\/span><span class=\"s3\"><span class=\"bumpedFont15\">der H\u00f6hepunkt des gesamten Sch\u00fctzenfestes an, das K\u00f6nigschie\u00dfen.<\/span><\/span><\/p>\n<p><span class=\"s3\"><span class=\"bumpedFont15\">Es begann dann gegen 16:00 Uhr mit dem Jun<\/span><\/span><span class=\"s3\"><span class=\"bumpedFont15\">ggesellenk\u00f6nigsschie\u00dfen. Nach <\/span><\/span><span class=\"s3\"><span class=\"bumpedFont15\">97<\/span><\/span><span class=\"s3\"><span class=\"bumpedFont15\"> Schuss Schrot ergab sich der<\/span><\/span><span class=\"s3\"><span class=\"bumpedFont15\">Vogel<\/span><\/span> <span class=\"s3\"><span class=\"bumpedFont15\">nach harten Kampf von 9 Bewerbern und Samuel Sch\u00fcrhoff<\/span><\/span><span class=\"s3\"><span class=\"bumpedFont15\">machte den letzten Schuss und wa<\/span><\/span><span class=\"s3\"><span class=\"bumpedFont15\">r somit neue Junggesellenk\u00f6nig<\/span><\/span><span class=\"s3\"><span class=\"bumpedFont15\">. <\/span><\/span><\/p>\n<p><span class=\"s3\"><span class=\"bumpedFont15\">Beim anschlie\u00dfenden K\u00f6nigsschie\u00dfen gelang es <\/span><\/span><span class=\"s3\"><span class=\"bumpedFont15\">schlie\u00dflich <\/span><\/span><span class=\"s3\"><span class=\"bumpedFont15\">Christian Hillenk\u00f6tter n<\/span><\/span><span class=\"s3\"><span class=\"bumpedFont15\">ach<\/span><\/span><span class=\"s3\"><span class=\"bumpedFont15\"> 1<\/span><\/span><span class=\"s3\"><span class=\"bumpedFont15\">0<\/span><\/span><span class=\"s3\"><span class=\"bumpedFont15\">0<\/span><\/span><span class=\"s3\"><span class=\"bumpedFont15\"> Schuss KK und <\/span><\/span><span class=\"s3\"><span class=\"bumpedFont15\">55<\/span><\/span><span class=\"s3\"><span class=\"bumpedFont15\"> Schuss mit dem \u201eDicken\u201c, den Rest des Vogels von der Stange zu holen. Zu seiner K\u00f6nigin nahm er seine <\/span><\/span><span class=\"s3\"><span class=\"bumpedFont15\">Ehefrau Martina<\/span><\/span><span class=\"s3\"><span class=\"bumpedFont15\">. Als Nebeng\u00e4nger wurden <\/span><\/span><span class=\"s3\"><span class=\"bumpedFont15\">Sebastian und Sandra Sutthoff<\/span><\/span><span class=\"s3\"><span class=\"bumpedFont15\">,<\/span><\/span> <span class=\"s3\"><span class=\"bumpedFont15\">s<\/span><\/span><span class=\"s3\"><span class=\"bumpedFont15\">owie <\/span><\/span><span class=\"s3\"><span class=\"bumpedFont15\">G\u00fcnther und Petra Morning<\/span><\/span><span class=\"s3\"><span class=\"bumpedFont15\">erkoren. <\/span><\/span><\/p>\n<p><span class=\"s3\"><span class=\"bumpedFont15\">Der Sonntagmorgen begann mit dem traditionellen Weckruf der Vorstandskollegen und anschlie\u00dfenden Fr\u00fchst\u00fcck beim <\/span><\/span><span class=\"s3\"><span class=\"bumpedFont15\">alten <\/span><\/span><span class=\"s3\"><span class=\"bumpedFont15\">K\u00f6nig, bevor es zur Kranzniederlegung zum Ehrenmahl und anschlie\u00dfender Messe in der Martinuskirche ging. Die Beteil<\/span><\/span><span class=\"s3\"><span class=\"bumpedFont15\">ig<\/span><\/span><span class=\"s3\"><span class=\"bumpedFont15\">ung an diesem Umzug war <\/span><\/span><span class=\"s3\"><span class=\"bumpedFont15\">sehr gut<\/span><\/span><span class=\"s3\"><span class=\"bumpedFont15\">.<\/span><\/span><\/p>\n<p><span class=\"s3\"><span class=\"bumpedFont15\">Am <\/span><\/span><span class=\"s3\"><span class=\"bumpedFont15\">Sonntag<\/span><\/span><span class=\"s3\"><span class=\"bumpedFont15\">abend<\/span><\/span><span class=\"s3\"><span class=\"bumpedFont15\"> fand der <\/span><\/span><span class=\"s3\"><span class=\"bumpedFont15\">super besuchte <\/span><\/span><span class=\"s3\"><span class=\"bumpedFont15\">K\u00f6nigsball mit <\/span><\/span><span class=\"s3\"><span class=\"bumpedFont15\">der neu gekr\u00f6nten Majest\u00e4t<\/span><\/span><span class=\"s3\"><span class=\"bumpedFont15\"> statt<\/span><\/span><span class=\"s3\"><span class=\"bumpedFont15\">. <\/span><\/span><\/p>\n<p><span class=\"s3\"><span class=\"bumpedFont15\">Bevor es aber mit der 4 Mann Tanzkapelle so richtig los ging gab es noch einige Ehrungen. <\/span><\/span><\/p>\n<p><span class=\"s3\"><span class=\"bumpedFont15\">Die Highlight der Ehrungen waren <\/span><\/span><span class=\"s3\"><span class=\"bumpedFont15\">diesem Jahr<\/span><\/span><span class=\"s3\"><span class=\"bumpedFont15\"> waren, das unsere Sch\u00fctzenschwester Elke Fritzler als erste Frau <\/span><\/span><span class=\"s3\"><span class=\"bumpedFont15\">mit dem Orden <\/span><\/span><span class=\"s3\"><span class=\"bumpedFont15\">f\u00fcr besondere Verdienste <\/span><\/span><span class=\"s3\"><span class=\"bumpedFont15\">und das<\/span><\/span> <span class=\"s3\"><span class=\"bumpedFont15\">vier<\/span><\/span><span class=\"s3\"><span class=\"bumpedFont15\"> Mitglied<\/span><\/span><span class=\"s3\"><span class=\"bumpedFont15\">er<\/span><\/span><span class=\"s3\"><span class=\"bumpedFont15\"> f\u00fcr <\/span><\/span><span class=\"s3\"><span class=\"bumpedFont15\">70<\/span><\/span><span class=\"s3\"><span class=\"bumpedFont15\"> Jahre<\/span><\/span><span class=\"s3\"><span class=\"bumpedFont15\"> Treue und aktive Mitgliedschaft geehrt wurden. Au\u00dferdem wurden <\/span><\/span><span class=\"s3\"><span class=\"bumpedFont15\">zwei<\/span><\/span><span class=\"s3\"><span class=\"bumpedFont15\">Mitglied<\/span><\/span><span class=\"s3\"><span class=\"bumpedFont15\">er<\/span><\/span><span class=\"s3\"><span class=\"bumpedFont15\"> f\u00fcr <\/span><\/span><span class=\"s3\"><span class=\"bumpedFont15\">5<\/span><\/span><span class=\"s3\"><span class=\"bumpedFont15\">0 <\/span><\/span><span class=\"s3\"><span class=\"bumpedFont15\">Jahre<\/span><\/span><span class=\"s3\"><span class=\"bumpedFont15\">, <\/span><\/span><span class=\"s3\"><span class=\"bumpedFont15\">zwei<\/span><\/span><span class=\"s3\"><span class=\"bumpedFont15\"> Mitgliede<\/span><\/span><span class=\"s3\"><span class=\"bumpedFont15\">r<\/span><\/span><span class=\"s3\"><span class=\"bumpedFont15\"> f\u00fcr<\/span><\/span> <span class=\"s3\"><span class=\"bumpedFont15\">4<\/span><\/span><span class=\"s3\"><span class=\"bumpedFont15\">0<\/span><\/span><span class=\"s3\"><span class=\"bumpedFont15\"> Jahre<\/span><\/span> <span class=\"s3\"><span class=\"bumpedFont15\">und zwei Mitglieder f\u00fcr 25 Jahre<\/span><\/span> <span class=\"s3\"><span class=\"bumpedFont15\">Mitgliedschaft <\/span><\/span><span class=\"s3\"><span class=\"bumpedFont15\">im Verein geehrt. <\/span><\/span><\/p>\n<p><span class=\"s3\"><span class=\"bumpedFont15\">Jan Keller<\/span><\/span><span class=\"s3\"><span class=\"bumpedFont15\"> bekam als Vereinsmeister <\/span><\/span><span class=\"s3\"><span class=\"bumpedFont15\">seine<\/span><\/span><span class=\"s3\"><span class=\"bumpedFont15\"> Kette \u00fcberreicht. <\/span><\/span><\/p>\n<p><span class=\"s3\"><span class=\"bumpedFont15\">Der <\/span><\/span><span class=\"s3\"><span class=\"bumpedFont15\">V<\/span><\/span><span class=\"s3\"><span class=\"bumpedFont15\">orsitzende <\/span><\/span><span class=\"s3\"><span class=\"bumpedFont15\">Volker Havixbeck<\/span><\/span> <span class=\"s3\"><span class=\"bumpedFont15\">\u00fcberreichte <\/span><\/span><span class=\"s3\"><span class=\"bumpedFont15\">den Pokal und <\/span><\/span><span class=\"s3\"><span class=\"bumpedFont15\">die<\/span><\/span><span class=\"s3\"><span class=\"bumpedFont15\">Kette f\u00fcr den Junggesellenk\u00f6nig<\/span><\/span> <span class=\"s3\"><span class=\"bumpedFont15\">an <\/span><\/span><span class=\"s3\"><span class=\"bumpedFont15\">Samuel Sch\u00fcrhoff<\/span><\/span><span class=\"s3\"><span class=\"bumpedFont15\">.<\/span><\/span><\/p>\n<p><span class=\"s3\"><span class=\"bumpedFont15\">Mit allen Ordenstr\u00e4gern, K\u00f6nigen und W\u00fcrdentr\u00e4gern wurde da<\/span><\/span><span class=\"s3\"><span class=\"bumpedFont15\">nn<\/span><\/span><span class=\"s3\"><span class=\"bumpedFont15\">noch eine rauschende Ballnacht bis fr\u00fch in die Morgenstunden gefeiert.<\/span><\/span><\/p>\n<p><span class=\"s3\"><span class=\"bumpedFont15\">Am Montagm<\/span><\/span><span class=\"s3\"><span class=\"bumpedFont15\">orgen fand dann der traditionelle Fr\u00fchschoppen am Ballenlager statt. <\/span><\/span><span class=\"s3\"><span class=\"bumpedFont15\">Dort konnte sich <\/span><\/span><span class=\"s3\"><span class=\"bumpedFont15\">Marian Madeia<\/span><\/span> <span class=\"s3\"><span class=\"bumpedFont15\">mit dem <\/span><\/span><span class=\"s3\"><span class=\"bumpedFont15\">95<\/span><\/span><span class=\"s3\"><span class=\"bumpedFont15\">. \u201eDicken\u201c <\/span><\/span><span class=\"s3\"><span class=\"bumpedFont15\">gegen \u00fcber 20 Bewerbern b<\/span><\/span><span class=\"s3\"><span class=\"bumpedFont15\">eim Bierk\u00f6nigschie\u00dfen durchsetz<\/span><\/span><span class=\"s3\"><span class=\"bumpedFont15\">en.<\/span><\/span><span class=\"s3\"><span class=\"bumpedFont15\"> Auch in diesem Jahr wurde <\/span><\/span><span class=\"s3\"><span class=\"bumpedFont15\">Die Schnapsdrossel<\/span><\/span><span class=\"s3\"><span class=\"bumpedFont15\">ermittelt<\/span><\/span><span class=\"s3\"><span class=\"bumpedFont15\">. <\/span><\/span><span class=\"s3\"><span class=\"bumpedFont15\">Zweiter<\/span><\/span><span class=\"s3\"><span class=\"bumpedFont15\"> Schnapsdrosselk\u00f6nig nach <\/span><\/span><span class=\"s3\"><span class=\"bumpedFont15\">161<\/span><\/span><span class=\"s3\"><span class=\"bumpedFont15\"> Schuss KK wurde <\/span><\/span><span class=\"s3\"><span class=\"bumpedFont15\">Andreas D\u00f6pker<\/span><\/span><span class=\"s3\"><span class=\"bumpedFont15\">. Um 16<\/span><\/span><span class=\"s3\"><span class=\"bumpedFont15\">:<\/span><\/span><span class=\"s3\"><span class=\"bumpedFont15\">30<\/span><\/span><span class=\"s3\"><span class=\"bumpedFont15\"> Uhr wurde das Sch\u00fctzenfest von Frohsinn Ost zu Grabe getragen. <\/span><\/span><\/p>\n<p><span class=\"s3\"><span class=\"bumpedFont15\">Der Vorstand bedankt sich f\u00fcr die tatkr\u00e4ftige Unterst\u00fctzung aller aktiven und passiven Mitg<\/span><\/span><span class=\"s3\"><span class=\"bumpedFont15\">lieder auf dem Sch\u00fctzenfest 201<\/span><\/span><span class=\"s3\"><span class=\"bumpedFont15\">8<\/span><\/span><span class=\"s3\"><span class=\"bumpedFont15\">.<\/span><\/span><\/p>\n","protected":false},"excerpt":{"rendered":"<p>Am Pfingstwochenende fand das Sch\u00fctzenfest des Sch\u00fctzenvereins \u201eFrohsinn\u201c Greven Ost 1925 e.V. statt. Nach 100 Schuss Kleinkaliber und 55 Schuss Schrot stand Christian Hillenk\u00f6tter als K\u00f6nig fest. Zu seiner K\u00f6nigin erkor er seine Frau&#46;&#46;&#46;<\/p>\n","protected":false},"author":5,"featured_media":0,"comment_status":"open","ping_status":"closed","sticky":false,"template":"","format":"standard","meta":{"ngg_post_thumbnail":0,"footnotes":""},"categories":[1],"tags":[],"class_list":["post-291596","post","type-post","status-publish","format-standard","hentry","category-hauptartikel"],"_links":{"self":[{"href":"https:\/\/www.frohsinn-ost.de\/index.php?rest_route=\/wp\/v2\/posts\/291596","targetHints":{"allow":["GET"]}}],"collection":[{"href":"https:\/\/www.frohsinn-ost.de\/index.php?rest_route=\/wp\/v2\/posts"}],"about":[{"href":"https:\/\/www.frohsinn-ost.de\/index.php?rest_route=\/wp\/v2\/types\/post"}],"author":[{"embeddable":true,"href":"https:\/\/www.frohsinn-ost.de\/index.php?rest_route=\/wp\/v2\/users\/5"}],"replies":[{"embeddable":true,"href":"https:\/\/www.frohsinn-ost.de\/index.php?rest_route=%2Fwp%2Fv2%2Fcomments&post=291596"}],"version-history":[{"count":1,"href":"https:\/\/www.frohsinn-ost.de\/index.php?rest_route=\/wp\/v2\/posts\/291596\/revisions"}],"predecessor-version":[{"id":291598,"href":"https:\/\/www.frohsinn-ost.de\/index.php?rest_route=\/wp\/v2\/posts\/291596\/revisions\/291598"}],"wp:attachment":[{"href":"https:\/\/www.frohsinn-ost.de\/index.php?rest_route=%2Fwp%2Fv2%2Fmedia&parent=291596"}],"wp:term":[{"taxonomy":"category","embeddable":true,"href":"https:\/\/www.frohsinn-ost.de\/index.php?rest_route=%2Fwp%2Fv2%2Fcategories&post=291596"},{"taxonomy":"post_tag","embeddable":true,"href":"https:\/\/www.frohsinn-ost.de\/index.php?rest_route=%2Fwp%2Fv2%2Ftags&post=291596"}],"curies":[{"name":"wp","href":"https:\/\/api.w.org\/{rel}","templated":true}]}}