{"id":291636,"date":"2018-11-19T13:12:12","date_gmt":"2018-11-19T12:12:12","guid":{"rendered":"http:\/\/frohsinnost.thewes-it.de\/?p=291636"},"modified":"2018-11-19T13:12:16","modified_gmt":"2018-11-19T12:12:16","slug":"jahreshauptversammlung-bei-frohsinn-ost","status":"publish","type":"post","link":"https:\/\/www.frohsinn-ost.de\/?p=291636","title":{"rendered":"Jahreshauptversammlung bei Frohsinn-Ost"},"content":{"rendered":"\n<p>Am Samstagnachmittag, 03. November 2018 um 16:00 Uhr, fand die diesj\u00e4hrige Jahreshauptversammlung des Sch\u00fctzenvereins \u201eFrohsinn\u201c Greven-Ost 1925 e.V. im neunen Vereinslokal \u201eBertlings P\u00fctt\u201c statt.<\/p>\n\n\n\n<p>Der 1. Vorsitzende Volker Havixbeck begr\u00fc\u00dfte eine gut besuchte Versammlung. Ein besonderer Gru\u00df galt dem amtierenden K\u00f6nig Christian Hillenk\u00f6tter, dem Kaiser Thomas K\u00f6tterjohann und allen anderen Kettentr\u00e4gern des Vereins. Mit einer Gedenkminute wurde den verstorbenen Mitgliedern gedacht.<\/p>\n\n\n\n<p>Im Anschluss wurde dem Jahresbericht des 1. Vorsitzenden (Volker Havixbeck), sowie den Berichten der Schie\u00dfgruppe (Thorsten Keller), des Spielmannszuges (Simon Havixbeck), der Ehrengarde (Markus D\u00f6pker) und des Jugendausschusses (Thomas K\u00f6tterjohann) aufmerksam gefolgt.<\/p>\n\n\n\n<p>Die Kassierer gaben die Einnahmen und Ausgaben des Jahres 2018 bekannt. Stellvertretend f\u00fcr alle Kassenpr\u00fcfer erkl\u00e4rte Heinz M\u00f6llerherm: \u201eWir haben die Kasse und s\u00e4mtliche Belege gepr\u00fcft, es ist alles in Ordnung.\u201c Somit wurde den Kassierern und dem Vorstand durch die Versammlung einstimmig Entlastung erteilt.&nbsp;<\/p>\n\n\n\n<p>Die Wahlen des zivilen Vorstandes ergaben wenige \u00c4nderungen:<\/p>\n\n\n\n<p>Der 1. Vorsitzende Volker Havixbeck, der 2. Kassierer Sascha Howest, der 2. Schriftf\u00fchrer Patrick T\u00fcnte, sowie die Beisitzer Sven M\u00f6llerherm und Thomas K\u00f6tterjohann wurden in Ihren \u00c4mtern einstimmig von der Versammlung wiedergew\u00e4hlt und geh\u00f6ren somit weitere zwei Jahre dem Vorstand an. Guido Langer bekam das Vertrauen der Versammlung und l\u00f6ste Michael Beumer als Beisitzer ab.<\/p>\n\n\n\n<p>Beim Milit\u00e4rischen Vorstand gab es keine Ver\u00e4nderungen.<\/p>\n\n\n\n<p>Oberst Jan Keller, Adjutant Sebastian Sutthoff, Hauptmann Markus D\u00f6pker, Leutnant Steffen Denter, sowie der Feldwebel Patrick T\u00fcnte wurden in Ihren \u00c4mtern einstimmig best\u00e4tigt und f\u00fcr ein weiteres Jahr wiedergew\u00e4hlt.&nbsp;<\/p>\n\n\n\n<p>Die Fahne wird im n\u00e4chsten Jahr von Christian Hillenk\u00f6tter, G\u00fcnther Ohrmann und Matthias Bogus getragen.<\/p>\n\n\n\n<p>Als Kassenpr\u00fcfer w\u00e4hlte die Versammlung Jan Keller, Sebastian Sutthoff, Ralf Stegemann und G\u00fcnther Ohrmann.&nbsp;<\/p>\n\n\n\n<p>An der Schl\u00fcssel\u00fcbergabe nehmen der Spielmannszug und der Vorstand teil. Selbstverst\u00e4ndlich sind alle interessierten Mitglieder eingeladen, beim Marsch durch die Stadt zum Marktplatz und anschlie\u00dfend ins Rathaus den Spielmannszug und den Vorstand zu begleiten. Beim Karnevalsumzug wird der Sch\u00fctzenverein durch den Spielmannszug vertreten sein.&nbsp;<\/p>\n\n\n\n<p>Das Sch\u00fctzenfest findet traditionell am Pfingstwochenende im und um das \u201eBallenlager\u201c statt. Im Jahr 2019 werden Junggesellenk\u00f6nig, K\u00f6nig und Kaiser wieder am Samstagnachmittag ermittelt. Am Pfingstsonntag findet morgens die Messe mit Kranzniederlegung und mittags ein kleiner Fr\u00fchschoppen mit einen Unterhaltungskonzert des Kolping Blasorchesters Saerbeck statt. Abends wird der gro\u00dfe K\u00f6nigsball \/ Kaiserball mit neuer Live Band gefeiert. Am Montag wird es den traditionellen Fr\u00fchschoppen und das Bierk\u00f6nigschie\u00dfen geben. Die Organisation des Kindersch\u00fctzenfestes liegt erneut in den H\u00e4nden des Jugendausschusses.&nbsp;<\/p>\n\n\n\n<p>Am 15. M\u00e4rz 2018 veranstaltet der Sch\u00fctzenverein zum 33. Mal das Doppelkopfturnier im \u201eBallenlager\u201c und am 08. M\u00e4rz 2018 das Skatturnier welches zum Ersten Mal in der Kulturschmiede ausgetragen wird.<\/p>\n\n\n\n<p>In einer letzten Abstimmung dieser Jahreshauptversammlung wurde einstimmig beschlossen, dass ab sofort die Gastst\u00e4tte \u201eBertlings P\u00fctt\u201c mir der Wirtin Elisabeth Wentker, das neue Vereinslokal des Sch\u00fctzenvereins \u201eFrohsinn\u201c Greven-Ost 1925 e.V. ist.Mit einem Dank an alle Mitglieder, Helfer und G\u00f6nner des Vereins beendete der 1.Vorsitzende Volker Havixbeck die diesj\u00e4hrige Jahreshauptversammlung.<\/p>\n","protected":false},"excerpt":{"rendered":"<p>Am Samstagnachmittag, 03. November 2018 um 16:00 Uhr, fand die diesj\u00e4hrige Jahreshauptversammlung des Sch\u00fctzenvereins \u201eFrohsinn\u201c Greven-Ost 1925 e.V. im neunen Vereinslokal \u201eBertlings P\u00fctt\u201c statt. Der 1. Vorsitzende Volker Havixbeck begr\u00fc\u00dfte eine gut besuchte Versammlung.&#46;&#46;&#46;<\/p>\n","protected":false},"author":5,"featured_media":0,"comment_status":"open","ping_status":"closed","sticky":false,"template":"","format":"standard","meta":{"ngg_post_thumbnail":0,"footnotes":""},"categories":[1],"tags":[],"class_list":["post-291636","post","type-post","status-publish","format-standard","hentry","category-hauptartikel"],"_links":{"self":[{"href":"https:\/\/www.frohsinn-ost.de\/index.php?rest_route=\/wp\/v2\/posts\/291636","targetHints":{"allow":["GET"]}}],"collection":[{"href":"https:\/\/www.frohsinn-ost.de\/index.php?rest_route=\/wp\/v2\/posts"}],"about":[{"href":"https:\/\/www.frohsinn-ost.de\/index.php?rest_route=\/wp\/v2\/types\/post"}],"author":[{"embeddable":true,"href":"https:\/\/www.frohsinn-ost.de\/index.php?rest_route=\/wp\/v2\/users\/5"}],"replies":[{"embeddable":true,"href":"https:\/\/www.frohsinn-ost.de\/index.php?rest_route=%2Fwp%2Fv2%2Fcomments&post=291636"}],"version-history":[{"count":1,"href":"https:\/\/www.frohsinn-ost.de\/index.php?rest_route=\/wp\/v2\/posts\/291636\/revisions"}],"predecessor-version":[{"id":291637,"href":"https:\/\/www.frohsinn-ost.de\/index.php?rest_route=\/wp\/v2\/posts\/291636\/revisions\/291637"}],"wp:attachment":[{"href":"https:\/\/www.frohsinn-ost.de\/index.php?rest_route=%2Fwp%2Fv2%2Fmedia&parent=291636"}],"wp:term":[{"taxonomy":"category","embeddable":true,"href":"https:\/\/www.frohsinn-ost.de\/index.php?rest_route=%2Fwp%2Fv2%2Fcategories&post=291636"},{"taxonomy":"post_tag","embeddable":true,"href":"https:\/\/www.frohsinn-ost.de\/index.php?rest_route=%2Fwp%2Fv2%2Ftags&post=291636"}],"curies":[{"name":"wp","href":"https:\/\/api.w.org\/{rel}","templated":true}]}}