{"id":291948,"date":"2019-11-01T20:28:01","date_gmt":"2019-11-01T19:28:01","guid":{"rendered":"https:\/\/www.frohsinn-ost.de\/?p=291948"},"modified":"2019-11-01T20:28:31","modified_gmt":"2019-11-01T19:28:31","slug":"erfolgreiche-herbstwanderung-bei-friedrichsburg-und-frohsinn-ost","status":"publish","type":"post","link":"https:\/\/www.frohsinn-ost.de\/?p=291948","title":{"rendered":"Erfolgreiche Herbstwanderung bei Friedrichsburg und Frohsinn Ost"},"content":{"rendered":"<p>Am vergangenen Samstag bestritten die Sch\u00fctzenvereine \u201eFrohsinn\u201c Greven-Ost 1925 e.V. und Friedrichsburg Greven e.V. bereits zum dritten Mal ihre gemeinsame Herbstwanderung. W\u00e4hrend der ca. dreist\u00fcndigen Wanderung durch Grevens S\u00fcdosten mit zwei Stops an der Siedlerklause und am Anglerheim konnten sich die Mitglieder untereinander austauschen und das sch\u00f6ne Herbstwetter genie\u00dfen. Zur Anschlussfeier ging es dann am sp\u00e4ten Nachmittag zum DJK-Heim, wo man sich zun\u00e4chst am Buffet st\u00e4rken konnte. Anschlie\u00dfend wurde zur Musik von DJ Thomas noch ordentlich das zur\u00fcckliegende Sch\u00fctzenjahr gefeiert.<\/p>\n<p>Auch 2020 stehen wieder einige gemeinsame Veranstaltungen wie die zweite gro\u00dfe karnevalistische Sitzung am 1.2.2020 im Ballenlager an. Die Karten sind bereits bei Wischnewski Gase und BS Smartphone Zubeh\u00f6r in begrenzter St\u00fcckzahl f\u00fcr 17\u20ac pro Person zu erhalten.<\/p>\n<p><img loading=\"lazy\" decoding=\"async\" class=\"aligncenter size-full wp-image-291950\" src=\"https:\/\/www.frohsinn-ost.de\/wordpress\/wp-content\/uploads\/2019\/11\/Herbstwanderung-2019-1.jpeg\" alt=\"\" width=\"800\" height=\"600\" srcset=\"https:\/\/www.frohsinn-ost.de\/wordpress\/wp-content\/uploads\/2019\/11\/Herbstwanderung-2019-1.jpeg 800w, https:\/\/www.frohsinn-ost.de\/wordpress\/wp-content\/uploads\/2019\/11\/Herbstwanderung-2019-1-768x576.jpeg 768w\" sizes=\"auto, (max-width: 800px) 100vw, 800px\" \/><\/p>\n","protected":false},"excerpt":{"rendered":"<p>Am vergangenen Samstag bestritten die Sch\u00fctzenvereine \u201eFrohsinn\u201c Greven-Ost 1925 e.V. und Friedrichsburg Greven e.V. bereits zum dritten Mal ihre gemeinsame Herbstwanderung. W\u00e4hrend der ca. dreist\u00fcndigen Wanderung durch Grevens S\u00fcdosten mit zwei Stops an der&#46;&#46;&#46;<\/p>\n","protected":false},"author":5,"featured_media":291950,"comment_status":"open","ping_status":"closed","sticky":false,"template":"","format":"standard","meta":{"ngg_post_thumbnail":0,"footnotes":""},"categories":[1],"tags":[],"class_list":["post-291948","post","type-post","status-publish","format-standard","has-post-thumbnail","hentry","category-hauptartikel"],"_links":{"self":[{"href":"https:\/\/www.frohsinn-ost.de\/index.php?rest_route=\/wp\/v2\/posts\/291948","targetHints":{"allow":["GET"]}}],"collection":[{"href":"https:\/\/www.frohsinn-ost.de\/index.php?rest_route=\/wp\/v2\/posts"}],"about":[{"href":"https:\/\/www.frohsinn-ost.de\/index.php?rest_route=\/wp\/v2\/types\/post"}],"author":[{"embeddable":true,"href":"https:\/\/www.frohsinn-ost.de\/index.php?rest_route=\/wp\/v2\/users\/5"}],"replies":[{"embeddable":true,"href":"https:\/\/www.frohsinn-ost.de\/index.php?rest_route=%2Fwp%2Fv2%2Fcomments&post=291948"}],"version-history":[{"count":2,"href":"https:\/\/www.frohsinn-ost.de\/index.php?rest_route=\/wp\/v2\/posts\/291948\/revisions"}],"predecessor-version":[{"id":291952,"href":"https:\/\/www.frohsinn-ost.de\/index.php?rest_route=\/wp\/v2\/posts\/291948\/revisions\/291952"}],"wp:featuredmedia":[{"embeddable":true,"href":"https:\/\/www.frohsinn-ost.de\/index.php?rest_route=\/wp\/v2\/media\/291950"}],"wp:attachment":[{"href":"https:\/\/www.frohsinn-ost.de\/index.php?rest_route=%2Fwp%2Fv2%2Fmedia&parent=291948"}],"wp:term":[{"taxonomy":"category","embeddable":true,"href":"https:\/\/www.frohsinn-ost.de\/index.php?rest_route=%2Fwp%2Fv2%2Fcategories&post=291948"},{"taxonomy":"post_tag","embeddable":true,"href":"https:\/\/www.frohsinn-ost.de\/index.php?rest_route=%2Fwp%2Fv2%2Ftags&post=291948"}],"curies":[{"name":"wp","href":"https:\/\/api.w.org\/{rel}","templated":true}]}}