{"id":291992,"date":"2020-01-28T20:19:48","date_gmt":"2020-01-28T19:19:48","guid":{"rendered":"https:\/\/www.frohsinn-ost.de\/?p=291992"},"modified":"2020-01-28T20:19:48","modified_gmt":"2020-01-28T19:19:48","slug":"karneval-in-greven-beginnt","status":"publish","type":"post","link":"https:\/\/www.frohsinn-ost.de\/?p=291992","title":{"rendered":"Karneval in Greven beginnt&#8230;"},"content":{"rendered":"<p>Der Countdown l\u00e4uft!<\/p>\n<p>Drei Wochen vor dem traditionellen Stra\u00dfenkarneval in Greven beginnt am kommenden Samstag mit der Zweiten Gro\u00dfen Karnevalistischen Sitzung im Ballenlager die Karnevalssession.<br \/>\nUnter dem Motto \u201eMit Volldampf durch die 5. Jahreszeit\u201c k\u00f6nnen sich die Grevener Jecken wieder auf ein hochkar\u00e4tiges Showprogramm freuen. Wie im Erfolgsjahr 2019 treten auch 2020 wieder die K\u00f6lsche Coverband und die bekannte Band \u201eLiveline\u201c auf der gro\u00dfen extra angefertigten Showb\u00fchne auf und werden dem Publikum ordentlich einheizen.<br \/>\nNeben den musikalischen Auftritten werden auch professionelle Tanzgarden und ein B\u00fcttenredner f\u00fcr Karnevalsstimmung sorgen, bevor dann die gro\u00dfe Aftershowparty mit zwei Djs und 100% Karnevalsmusik beginnt. F\u00fcr das leibliche Wohl sorgt zudem eine Pommesbude vor dem Ballenlager.<\/p>\n<p>Alle Karnevalsfreunde sind herzlich eingeladen auch die zweite Gro\u00dfe Karnevalistische Sitzung wieder zu einem Erfolg werden zu lassen! Karten gibt es f\u00fcr 17\u20ac pro Person noch bei der Firma Wischnewski Gase und BS Smartphonezubeh\u00f6r in Greven!<\/p>\n","protected":false},"excerpt":{"rendered":"<p>Der Countdown l\u00e4uft! Drei Wochen vor dem traditionellen Stra\u00dfenkarneval in Greven beginnt am kommenden Samstag mit der Zweiten Gro\u00dfen Karnevalistischen Sitzung im Ballenlager die Karnevalssession. Unter dem Motto \u201eMit Volldampf durch die 5. Jahreszeit\u201c&#46;&#46;&#46;<\/p>\n","protected":false},"author":5,"featured_media":291993,"comment_status":"open","ping_status":"closed","sticky":false,"template":"","format":"standard","meta":{"ngg_post_thumbnail":0,"footnotes":""},"categories":[1],"tags":[],"class_list":["post-291992","post","type-post","status-publish","format-standard","has-post-thumbnail","hentry","category-hauptartikel"],"_links":{"self":[{"href":"https:\/\/www.frohsinn-ost.de\/index.php?rest_route=\/wp\/v2\/posts\/291992","targetHints":{"allow":["GET"]}}],"collection":[{"href":"https:\/\/www.frohsinn-ost.de\/index.php?rest_route=\/wp\/v2\/posts"}],"about":[{"href":"https:\/\/www.frohsinn-ost.de\/index.php?rest_route=\/wp\/v2\/types\/post"}],"author":[{"embeddable":true,"href":"https:\/\/www.frohsinn-ost.de\/index.php?rest_route=\/wp\/v2\/users\/5"}],"replies":[{"embeddable":true,"href":"https:\/\/www.frohsinn-ost.de\/index.php?rest_route=%2Fwp%2Fv2%2Fcomments&post=291992"}],"version-history":[{"count":1,"href":"https:\/\/www.frohsinn-ost.de\/index.php?rest_route=\/wp\/v2\/posts\/291992\/revisions"}],"predecessor-version":[{"id":291994,"href":"https:\/\/www.frohsinn-ost.de\/index.php?rest_route=\/wp\/v2\/posts\/291992\/revisions\/291994"}],"wp:featuredmedia":[{"embeddable":true,"href":"https:\/\/www.frohsinn-ost.de\/index.php?rest_route=\/wp\/v2\/media\/291993"}],"wp:attachment":[{"href":"https:\/\/www.frohsinn-ost.de\/index.php?rest_route=%2Fwp%2Fv2%2Fmedia&parent=291992"}],"wp:term":[{"taxonomy":"category","embeddable":true,"href":"https:\/\/www.frohsinn-ost.de\/index.php?rest_route=%2Fwp%2Fv2%2Fcategories&post=291992"},{"taxonomy":"post_tag","embeddable":true,"href":"https:\/\/www.frohsinn-ost.de\/index.php?rest_route=%2Fwp%2Fv2%2Ftags&post=291992"}],"curies":[{"name":"wp","href":"https:\/\/api.w.org\/{rel}","templated":true}]}}