{"id":292026,"date":"2021-12-09T11:06:55","date_gmt":"2021-12-09T10:06:55","guid":{"rendered":"https:\/\/www.frohsinn-ost.de\/?p=292026"},"modified":"2021-12-09T11:06:55","modified_gmt":"2021-12-09T10:06:55","slug":"jahreshauptversammlung-2021-bei-frohsinn-ost","status":"publish","type":"post","link":"https:\/\/www.frohsinn-ost.de\/?p=292026","title":{"rendered":"Jahreshauptversammlung 2021 bei Frohsinn-Ost"},"content":{"rendered":"<p>Am vergangenen Samstagnachmittag um 16:00 Uhr, fand unter Einhaltung der 3G-Regeln endlich wieder die Jahreshauptversammlung des Sch\u00fctzenvereins \u201eFrohsinn\u201c Greven\u2013Ost 1925 e.V. in der Gastst\u00e4tte \u201eBertling\u00b4s P\u00fctt\u201c statt.<\/p>\n<p>Der 1. Vorsitzende Volker Havixbeck konnte <!--more-->zahlreiche gut gelaunte Mitglieder begr\u00fc\u00dfen. Ein besonderer Gru\u00df galt dem amtierenden <strong>K\u00f6nigspaar<\/strong> <strong>Jeannine Hillenk\u00f6tter und Mike Sch\u00e4permeier<\/strong> sowie dem <strong>Kaiserpaar Sabine Bergschneider-Langer und Guido Langer<\/strong>, sowie allen anderen Anwesenden. Mit einer Gedenkminute wurde den Verstorbenen gedacht.<\/p>\n<p>Aufmerksam wurde dem &nbsp;Jahresbericht des 1. Vorsitzenden (Volker Havixbeck), sowie den Berichten der Schie\u00dfgruppe (Thorsten Keller), des Spielmannszuges (Simon Havixbeck), der Ehrengarde (Markus D\u00f6pker) und des Jugendausschusses (Lizzy Suntrop) zugeh\u00f6rt.<\/p>\n<p>Der 2. Kassierer gab die Einnahmen und Ausgaben des Jahres 2019\/20 sowie 2020\/21 im Kassenbericht bekannt. \u201eWir haben Kasse und Belege gepr\u00fcft, es ist alles in Ordnung\u201c, erkl\u00e4rte der Kassenpr\u00fcfer Jan Keller im Namen der Kassenpr\u00fcfer. Somit wurde der Kassiererin und dem Vorstand einstimmig die Entlastung erteilt.<\/p>\n<p>Anschlie\u00dfend wurde bei der Abstimmung die <strong>Neufassung der Vereinssatzung<\/strong> ohne Gegenstimmen angenommen.<\/p>\n<p>Die Wahlen des zivilen und milit\u00e4rischen Vorstandes ergaben folgende \u00c4nderungen:<\/p>\n<p><strong>Markus Fraune<\/strong> wurde von der Versammlung zum neuen 1. Schriftf\u00fchrer gew\u00e4hlt. Au\u00dferdem folgt <strong>Jan Keller<\/strong> auf <strong>Patrick T\u00fcnte<\/strong> als 2. Schriftf\u00fchrer sowie <strong>Sebastian Sutthoff<\/strong> auf <strong>Sven M\u00f6llerherm<\/strong> als Beisitzer. Alle weiteren Vorstandsmitglieder wurden sowohl als nachgezogene Wahl aus 2020 als auch als regul\u00e4re Wahl aus 2021 in Ihren \u00c4mtern von der Versammlung wiedergew\u00e4hlt und geh\u00f6ren somit weitere ein bzw. zwei Jahre dem Vorstand an.<\/p>\n<p>Beim Milit\u00e4rischen Vorstand gab es keine Ver\u00e4nderungen. <strong>Oberst Jan Keller, Adjutant Sebastian Sutthoff, Hauptmann Markus D\u00f6pker, Leutnant Steffen Denter, Feldwebel Patrick T\u00fcnte<\/strong>, sowie die <strong>Fahnentr\u00e4ger Christian Hillenk\u00f6tter, G\u00fcnther Ohrmann <\/strong>und<strong> Matthias Bogus<\/strong> wurden in Ihren \u00c4mtern einstimmig wiedergew\u00e4hlt.<\/p>\n<p>Die Kasse wird zuk\u00fcnftig von <strong>Karsten Havixbeck<\/strong> und <strong>Alessa Peters<\/strong> f\u00fcr ein Jahr und von <strong>Lizzy Suntrop<\/strong> und <strong>Ralf Stegemann<\/strong> f\u00fcr zwei Jahre gepr\u00fcft.<\/p>\n<p>Soweit es die Pandemie zul\u00e4sst wird der Spielmannszug bei der Schl\u00fcssel\u00fcbergabe sowie dem Strassenkarneval 2022 teilnehmen,<\/p>\n<p>Am 18. M\u00e4rz 2022 veranstaltet der Sch\u00fctzenverein zum 35. Mal das \u00f6ffentliche Doppelkopfturnier im \u201eBallenlager\u201c und am 25. M\u00e4rz 2022 das ebenfalls \u00f6ffentliche Skatturnier in der \u201eKulturschmiede\u201c.<\/p>\n<p>Das Sch\u00fctzenfest findet am Pfingst-Wochenende im und um das \u201eBallenlager\u201c statt. Diesem Ereignis fiebern alle Anwesenden freudig entgegen.<\/p>\n<p>&nbsp;<\/p>\n<p>Mit dem Dank des 1. Vorsitzenden ging die diesj\u00e4hrige Generalversammlung zu Ende.<\/p>\n<p><img loading=\"lazy\" decoding=\"async\" class=\"aligncenter wp-image-292028\" src=\"https:\/\/www.frohsinn-ost.de\/wordpress\/wp-content\/uploads\/2021\/12\/Gruppenbild-JHV-2021-3000x2250.jpg\" alt=\"\" width=\"1440\" height=\"1080\" srcset=\"https:\/\/www.frohsinn-ost.de\/wordpress\/wp-content\/uploads\/2021\/12\/Gruppenbild-JHV-2021-3000x2250.jpg 3000w, https:\/\/www.frohsinn-ost.de\/wordpress\/wp-content\/uploads\/2021\/12\/Gruppenbild-JHV-2021-768x576.jpg 768w, https:\/\/www.frohsinn-ost.de\/wordpress\/wp-content\/uploads\/2021\/12\/Gruppenbild-JHV-2021-1536x1152.jpg 1536w, https:\/\/www.frohsinn-ost.de\/wordpress\/wp-content\/uploads\/2021\/12\/Gruppenbild-JHV-2021-2048x1536.jpg 2048w\" sizes=\"auto, (max-width: 1440px) 100vw, 1440px\" \/><\/p>\n<p>&nbsp;<\/p>\n","protected":false},"excerpt":{"rendered":"<p>Am vergangenen Samstagnachmittag um 16:00 Uhr, fand unter Einhaltung der 3G-Regeln endlich wieder die Jahreshauptversammlung des Sch\u00fctzenvereins \u201eFrohsinn\u201c Greven\u2013Ost 1925 e.V. in der Gastst\u00e4tte \u201eBertling\u00b4s P\u00fctt\u201c statt. Der 1. Vorsitzende Volker Havixbeck konnte<\/p>\n","protected":false},"author":6,"featured_media":292028,"comment_status":"open","ping_status":"closed","sticky":false,"template":"","format":"standard","meta":{"ngg_post_thumbnail":0,"footnotes":""},"categories":[1],"tags":[],"class_list":["post-292026","post","type-post","status-publish","format-standard","has-post-thumbnail","hentry","category-hauptartikel"],"_links":{"self":[{"href":"https:\/\/www.frohsinn-ost.de\/index.php?rest_route=\/wp\/v2\/posts\/292026","targetHints":{"allow":["GET"]}}],"collection":[{"href":"https:\/\/www.frohsinn-ost.de\/index.php?rest_route=\/wp\/v2\/posts"}],"about":[{"href":"https:\/\/www.frohsinn-ost.de\/index.php?rest_route=\/wp\/v2\/types\/post"}],"author":[{"embeddable":true,"href":"https:\/\/www.frohsinn-ost.de\/index.php?rest_route=\/wp\/v2\/users\/6"}],"replies":[{"embeddable":true,"href":"https:\/\/www.frohsinn-ost.de\/index.php?rest_route=%2Fwp%2Fv2%2Fcomments&post=292026"}],"version-history":[{"count":4,"href":"https:\/\/www.frohsinn-ost.de\/index.php?rest_route=\/wp\/v2\/posts\/292026\/revisions"}],"predecessor-version":[{"id":292031,"href":"https:\/\/www.frohsinn-ost.de\/index.php?rest_route=\/wp\/v2\/posts\/292026\/revisions\/292031"}],"wp:featuredmedia":[{"embeddable":true,"href":"https:\/\/www.frohsinn-ost.de\/index.php?rest_route=\/wp\/v2\/media\/292028"}],"wp:attachment":[{"href":"https:\/\/www.frohsinn-ost.de\/index.php?rest_route=%2Fwp%2Fv2%2Fmedia&parent=292026"}],"wp:term":[{"taxonomy":"category","embeddable":true,"href":"https:\/\/www.frohsinn-ost.de\/index.php?rest_route=%2Fwp%2Fv2%2Fcategories&post=292026"},{"taxonomy":"post_tag","embeddable":true,"href":"https:\/\/www.frohsinn-ost.de\/index.php?rest_route=%2Fwp%2Fv2%2Ftags&post=292026"}],"curies":[{"name":"wp","href":"https:\/\/api.w.org\/{rel}","templated":true}]}}