{"id":292042,"date":"2021-12-22T19:00:22","date_gmt":"2021-12-22T18:00:22","guid":{"rendered":"https:\/\/www.frohsinn-ost.de\/?p=292042"},"modified":"2021-12-22T19:00:22","modified_gmt":"2021-12-22T18:00:22","slug":"weihnachtsgruss-2021","status":"publish","type":"post","link":"https:\/\/www.frohsinn-ost.de\/?p=292042","title":{"rendered":"Weihnachtsgru\u00df 2021"},"content":{"rendered":"<p>Liebes Vereinsmitglied,<\/p>\n<p>wieder liegt ein Jahr der Pandemie, wieder ein Jahr ohne Sch\u00fctzenfest, wieder ein Jahr mit vielen Einschr\u00e4nkungen hinter uns. Es liegt aber auch ein Jahr hinter uns, in dem wir uns nicht haben unterkriegen lassen!<\/p>\n<p>Bereits Anfang 2021 war klar, dass auch dieses Jahr kein normales werden wird, keines in dem wir viele Feste feiern werden. Aber eines war auch klar: Sobald wir d\u00fcrfen und es auch vertreten k\u00f6nnen, werden wir wieder zusammenkommen. Daher mussten Karnevalsveranstaltungen und auch leider wieder unser Sch\u00fctzenfest abgesagt werden, um bestm\u00f6glich bei der Eind\u00e4mmung des Virus unterst\u00fctzen zu k\u00f6nnen. Davon lie\u00dfen wir uns aber nicht entmutigen f\u00fcr Gemeinschaft und das geliebte Sch\u00fctzenfest-Gef\u00fchl zu sorgen. Nach der Sch\u00fctzenfest-Box im Jahr 2020 gab es 2021 das erste virtuelle Sch\u00fctzenfest live aus dem Wohnzimmer unseres 1. Vorsitzenden in die Wohnzimmer der Mitglieder. So traf man sich privat in kleinen noch erlaubten Gruppen, um gemeinschaftlich den Gru\u00dfworten von Volker und Marc zu lauschen. Video-Beitr\u00e4ge der Abteilungen und des K\u00f6nigs- und Kaiserpaares rundeten die Veranstaltung perfekt ab. Endlich wieder ein wenig Sch\u00fctzenfest und die gesteigerte Vorfreude auf ein \u201erichtiges\u201c Sch\u00fctzenfest in nicht allzu ferner Zukunft.<\/p>\n<p>Als die Zahlen im Sommer weiter sanken und die M\u00f6glichkeiten f\u00fcr eine \u00f6ffentliche Veranstaltung aussichtsreich und vertretbar waren, begannen die Planungen f\u00fcr ein gemeinsames Wiedersehen, ein Wiedersehen nach 1,5 Jahren. Am 04. September konnte die Veranstaltung unter den 3G-Regeln auf dem Gel\u00e4nde von Wischnewski Gase stattfinden. Ein Fest ohne viel \u201eSchnick-Schnack\u201c aber mit dem, worauf es ankommt: Gemeinschaft, gerade in diesen Zeiten! In gem\u00fctlicher Runde und angenehmer Atmosph\u00e4re konnte der Verein mehr als 100 Teilnehmer unter freiem begr\u00fc\u00dfen! Das hat Lust auf mehr gemacht und uns weiter darin bekr\u00e4ftigt die Planung stets aktuell zu halten, f\u00fcr eine Zeit in wir wieder \u201ewie fr\u00fcher\u201c zusammenkommen k\u00f6nnen.<\/p>\n<p>Kurz vor Jahresende blickt man mit gemischten Gef\u00fchlen zur\u00fcck, aber auch optimistisch nach vorne. Macht sich Vors\u00e4tze f\u00fcr die Zukunft und setzt sich Ziele. So auch der Verein: Die Planung f\u00fcr mehrere Veranstaltungen in 2022 sind im vollen Gange, die Risiken und Optionen stets im Blick &#8211; immer mit der Hoffnung Pfingsten 2022 wieder ein Sch\u00fctzenfest im und um das Ballenlager feiern zu k\u00f6nnen.<\/p>\n<p>&nbsp;<\/p>\n<p>Auf diesem Wege w\u00fcnschen wir dir und deiner Familie eine sch\u00f6ne Vorweihnachtszeit, ein besinnliches Weihnachtsfest und einen guten Rutsch ins Jahr 2022!<\/p>\n<p>Dein Vorstand<\/p>\n<p><img loading=\"lazy\" decoding=\"async\" class=\"alignnone size-full wp-image-292043\" src=\"https:\/\/www.frohsinn-ost.de\/wordpress\/wp-content\/uploads\/2021\/12\/1024px-Weihnachten_Schriftzug_22MERRY_XMAS22_-_2020_-_3710.jpg\" alt=\"\" width=\"1024\" height=\"683\" srcset=\"https:\/\/www.frohsinn-ost.de\/wordpress\/wp-content\/uploads\/2021\/12\/1024px-Weihnachten_Schriftzug_22MERRY_XMAS22_-_2020_-_3710.jpg 1024w, https:\/\/www.frohsinn-ost.de\/wordpress\/wp-content\/uploads\/2021\/12\/1024px-Weihnachten_Schriftzug_22MERRY_XMAS22_-_2020_-_3710-768x512.jpg 768w\" sizes=\"auto, (max-width: 1024px) 100vw, 1024px\" \/><\/p>\n<p>(Quelle Foto: <b><a href=\"https:\/\/commons.wikimedia.org\/wiki\/User:XRay\">Dietma<\/a><a href=\"https:\/\/commons.wikimedia.org\/wiki\/User:XRay\">Dietmar Rabich<\/a>, <a href=\"https:\/\/commons.wikimedia.org\/wiki\/File:Weihnachten,_Schriftzug_\" target=\"_blank\" rel=\"noopener\">Weihnachten, Schriftzug &#8222;MERRY XMAS&#8220; &#8212; 2020 &#8212; 3710<\/a><a href=\"https:\/\/commons.wikimedia.org\/wiki\/User:XRay\">, <\/a><a href=\"https:\/\/creativecommons.org\/licenses\/by-sa\/4.0\/legalcode\" target=\"_blank\" rel=\"license noopener\">CC BY-SA 4.0<\/a><\/b>)<\/p>\n","protected":false},"excerpt":{"rendered":"<p>Liebes Vereinsmitglied, wieder liegt ein Jahr der Pandemie, wieder ein Jahr ohne Sch\u00fctzenfest, wieder ein Jahr mit vielen Einschr\u00e4nkungen hinter uns. Es liegt aber auch ein Jahr hinter uns, in dem wir uns nicht&#46;&#46;&#46;<\/p>\n","protected":false},"author":6,"featured_media":292043,"comment_status":"open","ping_status":"closed","sticky":false,"template":"","format":"standard","meta":{"ngg_post_thumbnail":0,"footnotes":""},"categories":[1],"tags":[],"class_list":["post-292042","post","type-post","status-publish","format-standard","has-post-thumbnail","hentry","category-hauptartikel"],"_links":{"self":[{"href":"https:\/\/www.frohsinn-ost.de\/index.php?rest_route=\/wp\/v2\/posts\/292042","targetHints":{"allow":["GET"]}}],"collection":[{"href":"https:\/\/www.frohsinn-ost.de\/index.php?rest_route=\/wp\/v2\/posts"}],"about":[{"href":"https:\/\/www.frohsinn-ost.de\/index.php?rest_route=\/wp\/v2\/types\/post"}],"author":[{"embeddable":true,"href":"https:\/\/www.frohsinn-ost.de\/index.php?rest_route=\/wp\/v2\/users\/6"}],"replies":[{"embeddable":true,"href":"https:\/\/www.frohsinn-ost.de\/index.php?rest_route=%2Fwp%2Fv2%2Fcomments&post=292042"}],"version-history":[{"count":3,"href":"https:\/\/www.frohsinn-ost.de\/index.php?rest_route=\/wp\/v2\/posts\/292042\/revisions"}],"predecessor-version":[{"id":292046,"href":"https:\/\/www.frohsinn-ost.de\/index.php?rest_route=\/wp\/v2\/posts\/292042\/revisions\/292046"}],"wp:featuredmedia":[{"embeddable":true,"href":"https:\/\/www.frohsinn-ost.de\/index.php?rest_route=\/wp\/v2\/media\/292043"}],"wp:attachment":[{"href":"https:\/\/www.frohsinn-ost.de\/index.php?rest_route=%2Fwp%2Fv2%2Fmedia&parent=292042"}],"wp:term":[{"taxonomy":"category","embeddable":true,"href":"https:\/\/www.frohsinn-ost.de\/index.php?rest_route=%2Fwp%2Fv2%2Fcategories&post=292042"},{"taxonomy":"post_tag","embeddable":true,"href":"https:\/\/www.frohsinn-ost.de\/index.php?rest_route=%2Fwp%2Fv2%2Ftags&post=292042"}],"curies":[{"name":"wp","href":"https:\/\/api.w.org\/{rel}","templated":true}]}}