{"id":292056,"date":"2022-05-06T18:00:03","date_gmt":"2022-05-06T16:00:03","guid":{"rendered":"https:\/\/www.frohsinn-ost.de\/?p=292056"},"modified":"2022-05-09T19:49:08","modified_gmt":"2022-05-09T17:49:08","slug":"frohsinn-ost-feiert-an-pfingsten-im-und-um-das-ballenlager","status":"publish","type":"post","link":"https:\/\/www.frohsinn-ost.de\/?p=292056","title":{"rendered":"Frohsinn Ost feiert an Pfingsten im und um das Ballenlager"},"content":{"rendered":"<p>Der Sch\u00fctzenverein Frohsinn Greven-Ost 1925 e.V. feiert nach zweij\u00e4hriger Corona Pause wieder sein Sch\u00fctzenfest. Wie \u00fcblich findet das Hauptevent des Vereins am Pfingstwochenende im und um das Ballenlager in Greven statt. In diesem Jahr wird nicht nur ein neuer K\u00f6nig und Junggesellenk\u00f6nig ermittelt, sondern auch ein neuer Kaiser, der f\u00fcr drei Jahre den Verein mit \u201eregieren\u201c wird.<\/p>\n<p>Der Startschuss f\u00e4llt bereits eine Woche vor Pfingsten an Christi Himmelfahrt mit dem Medaillenschie\u00dfen und der damit verbundenen Antwort auf \u201eWer wird Vereinsmeister:in 2022?\u201c. Beim Kampf um die Medaillen treten die Mitglieder in insg. 7 Kategorien an \u2013 es werden insg. 21 Medaillen verliehen. W\u00e4hrend des Schie\u00dfwettkampfs auf dem Wentruper Schie\u00dfstand werden zus\u00e4tzlich durch den Jugendauschuss Aktivit\u00e4ten f\u00fcr die Kleinsten angeboten.<\/p>\n<p><a href=\"https:\/\/www.frohsinn-ost.de\/wordpress\/wp-content\/uploads\/2022\/05\/marsch_route_samstag_mittag_ausschnitt.png\" target=\"_blank\" rel=\"noopener\"><img loading=\"lazy\" decoding=\"async\" class=\"aligncenter wp-image-292066\" src=\"https:\/\/www.frohsinn-ost.de\/wordpress\/wp-content\/uploads\/2022\/05\/marsch_route_samstag_mittag_ausschnitt.png\" alt=\"Marsch Route Samstag Mittag\" width=\"499\" height=\"289\" srcset=\"https:\/\/www.frohsinn-ost.de\/wordpress\/wp-content\/uploads\/2022\/05\/marsch_route_samstag_mittag_ausschnitt.png 2643w, https:\/\/www.frohsinn-ost.de\/wordpress\/wp-content\/uploads\/2022\/05\/marsch_route_samstag_mittag_ausschnitt-768x445.png 768w, https:\/\/www.frohsinn-ost.de\/wordpress\/wp-content\/uploads\/2022\/05\/marsch_route_samstag_mittag_ausschnitt-1536x889.png 1536w, https:\/\/www.frohsinn-ost.de\/wordpress\/wp-content\/uploads\/2022\/05\/marsch_route_samstag_mittag_ausschnitt-2048x1186.png 2048w\" sizes=\"auto, (max-width: 499px) 100vw, 499px\" \/><\/a><\/p>\n<p style=\"text-align: center;\">Marschroute Samstag Mittag (Quelle: OpenStreetMap)<\/p>\n<p>Den Auftakt am Pfingstwochenende ist das Ausholen der amtieren Majest\u00e4ten und ein Umzug zum Rosen machen, Vogel begutachten und Schm\u00fccken des Festplatzes am Freitagabend. Erwartet wird der Festzug um ca. 19:30 am Festplatz. Nach einem gro\u00dfen Fest-Umzug durch den Vereinsbezirk am Samstagvormittag ab 10:45Uhr finden sich die Sch\u00fctzen ab ca. 12:30Uhr auf dem Festplatz zum Kindersch\u00fctzenfest und anschlie\u00dfender Medaillenverleihung und Vereinsmeisterehrung sowie zum Junggesellenk\u00f6nigs-, K\u00f6nigs- und Kaiserschie\u00dfen ein. Samstags wird durchgehend Kaffee und Kuchen sowie Attraktionen f\u00fcr die Jugendlichen angeboten. Am Sonntagvormittag ist zum gemeinsamen Kirchgang geladen, auf den ein kleines Konzert von Blasorchester und Spielmannszug auf dem Marktplatz folgt. Gegen ca. 19:00Uhr ist der Aufmarsch der neuen Majest\u00e4ten im Ballenlager eingeplant, worauf ein gro\u00dfer Festball mit Liveband folgt \u2013 der Eintritt ist frei! Am Montag ist gem\u00fctlicher Sch\u00fctzenfest Ausklang ab 11:00Uhr auf dem Festplatz im und um das Ballenlager.<\/p>\n<p>In diesen Tagen wird allen Mitglieder:innen die Einladungen zugestellt, in der alle Uhrzeiten zum Antreten nochmal genau aufgef\u00fchrt sind. Eine Online-Variante der Einladung ist hier einsehbar:<\/p>\n<p style=\"text-align: center;\">&nbsp;<\/p>\n<p style=\"text-align: center;\"><a href=\"https:\/\/www.frohsinn-ost.de\/wordpress\/wp-content\/uploads\/2022\/05\/Festschrift-2022_klein.pdf\" class=\"pdfemb-viewer\" style=\"width:500px;\" data-width=\"500\" data-height=\"max\" data-toolbar=\"top\" data-toolbar-fixed=\"on\">Festschrift 2022<\/a>&nbsp;<\/p>\n<p style=\"text-align: center;\">&nbsp;<\/p>\n","protected":false},"excerpt":{"rendered":"<p>Der Sch\u00fctzenverein Frohsinn Greven-Ost 1925 e.V. feiert nach zweij\u00e4hriger Corona Pause wieder sein Sch\u00fctzenfest. Wie \u00fcblich findet das Hauptevent des Vereins am Pfingstwochenende im und um das Ballenlager in Greven statt. In diesem Jahr&#46;&#46;&#46;<\/p>\n","protected":false},"author":6,"featured_media":291909,"comment_status":"open","ping_status":"closed","sticky":false,"template":"","format":"standard","meta":{"ngg_post_thumbnail":0,"footnotes":""},"categories":[1],"tags":[],"class_list":["post-292056","post","type-post","status-publish","format-standard","has-post-thumbnail","hentry","category-hauptartikel"],"_links":{"self":[{"href":"https:\/\/www.frohsinn-ost.de\/index.php?rest_route=\/wp\/v2\/posts\/292056","targetHints":{"allow":["GET"]}}],"collection":[{"href":"https:\/\/www.frohsinn-ost.de\/index.php?rest_route=\/wp\/v2\/posts"}],"about":[{"href":"https:\/\/www.frohsinn-ost.de\/index.php?rest_route=\/wp\/v2\/types\/post"}],"author":[{"embeddable":true,"href":"https:\/\/www.frohsinn-ost.de\/index.php?rest_route=\/wp\/v2\/users\/6"}],"replies":[{"embeddable":true,"href":"https:\/\/www.frohsinn-ost.de\/index.php?rest_route=%2Fwp%2Fv2%2Fcomments&post=292056"}],"version-history":[{"count":8,"href":"https:\/\/www.frohsinn-ost.de\/index.php?rest_route=\/wp\/v2\/posts\/292056\/revisions"}],"predecessor-version":[{"id":292070,"href":"https:\/\/www.frohsinn-ost.de\/index.php?rest_route=\/wp\/v2\/posts\/292056\/revisions\/292070"}],"wp:featuredmedia":[{"embeddable":true,"href":"https:\/\/www.frohsinn-ost.de\/index.php?rest_route=\/wp\/v2\/media\/291909"}],"wp:attachment":[{"href":"https:\/\/www.frohsinn-ost.de\/index.php?rest_route=%2Fwp%2Fv2%2Fmedia&parent=292056"}],"wp:term":[{"taxonomy":"category","embeddable":true,"href":"https:\/\/www.frohsinn-ost.de\/index.php?rest_route=%2Fwp%2Fv2%2Fcategories&post=292056"},{"taxonomy":"post_tag","embeddable":true,"href":"https:\/\/www.frohsinn-ost.de\/index.php?rest_route=%2Fwp%2Fv2%2Ftags&post=292056"}],"curies":[{"name":"wp","href":"https:\/\/api.w.org\/{rel}","templated":true}]}}