{"id":292085,"date":"2022-05-22T08:21:29","date_gmt":"2022-05-22T06:21:29","guid":{"rendered":"https:\/\/www.frohsinn-ost.de\/?p=292085"},"modified":"2022-05-22T08:21:29","modified_gmt":"2022-05-22T06:21:29","slug":"kinderschuetzenfest-2022-wieder-am-pfingstwochenende","status":"publish","type":"post","link":"https:\/\/www.frohsinn-ost.de\/?p=292085","title":{"rendered":"Kindersch\u00fctzenfest 2022 wieder am Pfingstwochenende"},"content":{"rendered":"\n<p>Anders als in den vergangen Jahren findet das Kindersch\u00fctzenfest wieder in mitten des \u201egro\u00dfen\u201c Sch\u00fctzenfestes statt.<br \/>Der Jugendausschuss steckt mitten in den Vorbereitungen und hat am vergangenen Wochenende alle Vereinskinder besucht und diese zum Kindersch\u00fctzenfest eingeladen.<br \/>Geplant ist ein gro\u00dfes Freispiel Angebot f\u00fcr Klein und Gro\u00df.<br \/>Ab 12:30 Uhr beginnt das Kindersch\u00fctzenfest mit der Ermittlung des neuen Kinderk\u00f6nig:in am Ballenlager in Greven. Anschlie\u00dfend um ca. 13:00 Uhr beginnt das gro\u00dfe Freispielangebot.<br \/>Dort kann gebastelt, geh\u00fcpft, mit einem Lasergewehr geschossen und unter anderem auf Pfeile geworfen werden. Neben diesen Aktivit\u00e4ten gibt es noch viele weitere spannende und lustige Aktionen.<br \/>Unsere Hauptattraktion versteckt sich in diesem Jahr allerdings hinter der Frage: \u201eWer kann sich am l\u00e4ngsten halten?\u201c. Gespannt was sich dahinter verbirgt? Dann komm am 04. Juni 2022 zum Kindersch\u00fctzenfest von \u201eFrohsinn\u201c Greven-Ost. (Wir freuen uns auf euch!)<\/p>\n\n\n\n<figure class=\"wp-block-image size-large\"><img loading=\"lazy\" decoding=\"async\" width=\"1448\" height=\"2048\" src=\"https:\/\/www.frohsinn-ost.de\/wordpress\/wp-content\/uploads\/2022\/05\/cb20191c-9cf3-4011-b89b-7e0f4235f61d.jpg\" alt=\"\" class=\"wp-image-292084\" srcset=\"https:\/\/www.frohsinn-ost.de\/wordpress\/wp-content\/uploads\/2022\/05\/cb20191c-9cf3-4011-b89b-7e0f4235f61d.jpg 1448w, https:\/\/www.frohsinn-ost.de\/wordpress\/wp-content\/uploads\/2022\/05\/cb20191c-9cf3-4011-b89b-7e0f4235f61d-768x1086.jpg 768w, https:\/\/www.frohsinn-ost.de\/wordpress\/wp-content\/uploads\/2022\/05\/cb20191c-9cf3-4011-b89b-7e0f4235f61d-1086x1536.jpg 1086w\" sizes=\"auto, (max-width: 1448px) 100vw, 1448px\" \/><\/figure>\n","protected":false},"excerpt":{"rendered":"<p>Anders als in den vergangen Jahren findet das Kindersch\u00fctzenfest wieder in mitten des \u201egro\u00dfen\u201c Sch\u00fctzenfestes statt.Der Jugendausschuss steckt mitten in den Vorbereitungen und hat am vergangenen Wochenende alle Vereinskinder besucht und diese zum Kindersch\u00fctzenfest&#46;&#46;&#46;<\/p>\n","protected":false},"author":6,"featured_media":0,"comment_status":"open","ping_status":"closed","sticky":false,"template":"","format":"standard","meta":{"ngg_post_thumbnail":0,"footnotes":""},"categories":[1],"tags":[],"class_list":["post-292085","post","type-post","status-publish","format-standard","hentry","category-hauptartikel"],"_links":{"self":[{"href":"https:\/\/www.frohsinn-ost.de\/index.php?rest_route=\/wp\/v2\/posts\/292085","targetHints":{"allow":["GET"]}}],"collection":[{"href":"https:\/\/www.frohsinn-ost.de\/index.php?rest_route=\/wp\/v2\/posts"}],"about":[{"href":"https:\/\/www.frohsinn-ost.de\/index.php?rest_route=\/wp\/v2\/types\/post"}],"author":[{"embeddable":true,"href":"https:\/\/www.frohsinn-ost.de\/index.php?rest_route=\/wp\/v2\/users\/6"}],"replies":[{"embeddable":true,"href":"https:\/\/www.frohsinn-ost.de\/index.php?rest_route=%2Fwp%2Fv2%2Fcomments&post=292085"}],"version-history":[{"count":2,"href":"https:\/\/www.frohsinn-ost.de\/index.php?rest_route=\/wp\/v2\/posts\/292085\/revisions"}],"predecessor-version":[{"id":292087,"href":"https:\/\/www.frohsinn-ost.de\/index.php?rest_route=\/wp\/v2\/posts\/292085\/revisions\/292087"}],"wp:attachment":[{"href":"https:\/\/www.frohsinn-ost.de\/index.php?rest_route=%2Fwp%2Fv2%2Fmedia&parent=292085"}],"wp:term":[{"taxonomy":"category","embeddable":true,"href":"https:\/\/www.frohsinn-ost.de\/index.php?rest_route=%2Fwp%2Fv2%2Fcategories&post=292085"},{"taxonomy":"post_tag","embeddable":true,"href":"https:\/\/www.frohsinn-ost.de\/index.php?rest_route=%2Fwp%2Fv2%2Ftags&post=292085"}],"curies":[{"name":"wp","href":"https:\/\/api.w.org\/{rel}","templated":true}]}}