{"id":292267,"date":"2022-11-22T09:33:31","date_gmt":"2022-11-22T08:33:31","guid":{"rendered":"https:\/\/www.frohsinn-ost.de\/?p=292267"},"modified":"2022-11-22T09:36:29","modified_gmt":"2022-11-22T08:36:29","slug":"jahreshauptversammlung-bei-frohsinn-ost-kontinuierlicher-blick-nach-vorne","status":"publish","type":"post","link":"https:\/\/www.frohsinn-ost.de\/?p=292267","title":{"rendered":"Jahreshauptversammlung bei Frohsinn Ost \u2013 kontinuierlicher Blick nach vorne"},"content":{"rendered":"<p style=\"font-weight: 400;\">Am vergangenen Samstag trafen sich die Mitglieder des Sch\u00fctzenvereins Frohsinn Greven Ost 1925 e.V. zu ihrer Jahreshauptversammlung. Eingeladen wurde in das Vereinslokal Bertlings P\u00fctt um \u00fcber die aktuellen Aufgaben und Themen innerhalb des Vereins zu sprechen.<\/p>\n<p style=\"font-weight: 400;\">Volker Havixbeck (erster Vorsitzender) konnte zahlreiche gut gelaunte Mitglieder begr\u00fc\u00dfen und richtete besondere Gr\u00fc\u00dfe an das aktuelle K\u00f6nigspaar Steffen Denter und Carina D\u00f6pker, Kaiserpaar Mike Sch\u00e4permeier und Jeannine Hillenk\u00f6tter, Vereinsmeister Sascha Howest, Junggesellenk\u00f6nig Paul T\u00fcnte, Bierk\u00f6nig Tobias Veensma und Flattermann K\u00f6nigin Lizzy Suntrop. Nicht unerw\u00e4hnt blieben nat\u00fcrlich auch das Kinderk\u00f6nigspaar Enna Petring und Henry Keller. Ein besonderer Dank ging an die Chronisten Elke Fritzler und Peter D\u00f6pker f\u00fcr ihre stetige gute und \u00fcberaus wertvolle Arbeit. In einer Gedenkminute gedachten die Anwesenden den verstorbenen Mitgliedern im letzten Jahr.<\/p>\n<p style=\"font-weight: 400;\">Es folgte der Jahresbericht des ersten Vorsitzenden, der endlich wieder von einem Sch\u00fctzenfest berichten konnte. Aber alles der Reihe nach: Im letzten Jahr fanden nach z\u00e4her Pause wieder die Nikolausbesuche bei den Vereinskindern statt. Unterst\u00fctzt durch den Jugendausschuss konnte der Nikolaus in viele strahlende Kindergesichter blicken. Leider fielen danach die Teilnahme am Karneval und die beiden Kartenturniere des Vereins Pandemie bedingt aus. \u201eAber dann ging es los\u201c, fuhr Volker fort. Endlich wurde wieder richtig Sch\u00fctzenfest gefeiert, mit allem, was dazu geh\u00f6rt: Medaillenschie\u00dfen, Schm\u00fccken, Umz\u00fcge, K\u00f6nigsschie\u00dfen, Kirchgang und einem sehr gut besuchten Festball. Besonders zu erw\u00e4hnen war das best-besuchte Kindersch\u00fctzenfest seit langem, welches wieder am Pfingst-Samstag veranstaltet wurde. Ein weiteres Highlight war das Sommerfest im August 2022 welches zusammen mit dem Sch\u00fctzenverein Friedrichsburg gefeiert wurde, inkl. Live-Musik der k\u00f6lschen Coverband.<\/p>\n<p style=\"font-weight: 400;\">Im Anschluss wurde aufmerksam den Jahresberichten der Abteilungen Schie\u00dfgruppe, Ehrengarde, Spielmannszug und Jugendausschuss gefolgt. Alle konnten von Corona bedingten Ausf\u00e4llen und Problemen aber auch einem wieder erstarkenden Gemeinschaftsgef\u00fchl berichten. So befinden sich die Sch\u00fctzen mittlerweile wieder mitten in einer Meisterschaftssaison, die Garde hat ihren Vorstand erweitert und stellt sich breiter auf, der Spielmannszug probt wieder und hat Auftritte und der Jugendausschuss bereitet aktuell die Nikolausbesuche vor nachdem gerade erst eine Halloween Veranstaltung erfolgreich durchgef\u00fchrt wurde.<\/p>\n<p style=\"font-weight: 400;\">Es folgten der Kassenbericht und ein Bericht der Kassenpr\u00fcfer: Kassiererin und Vorstand wurde einstimmig die Entlastung erteilt.<\/p>\n<p style=\"font-weight: 400;\">Der Satzungsanpassung, welche nur kleine \u00c4nderungen vorsah, wurde einstimmig angenommen.<\/p>\n<p style=\"font-weight: 400;\">Danach folgten die Vorstandswahlen, welche keine \u00c4nderungen ergaben &#8211; &nbsp;so wurde Volker Havixbeck als erster Vorsitzender, Britta K\u00f6tterjohann als erste Kassiererin, Jan Keller als zweiter Schriftf\u00fchrer, Sebasitan Sutthoff, Thomas K\u00f6tterjohann und Anne Fraune als Beisitzer:in in ihrem \u00c4mtern best\u00e4tigt. Ebenso wurden Markus D\u00f6pker als Hauptmann, Steffen Denter als Leutnant und Patrick T\u00fcnte als Feldwebel im milit\u00e4rischen Vorstand wieder gew\u00e4hlt.<\/p>\n<p style=\"font-weight: 400;\">Nach den Wahlen wurden die Termine f\u00fcr das kommende Jahr besprochen. U.a. Nikolaus-Besuche Anfang Dezember, die interne Karnevalsparty von \u201eFrohsinnBurg\u201c am 28.01.23, die beiden Kartenturniere im M\u00e4rz 2023, der Seniorennachmittag am 22.04.23 und das Sch\u00fctzenfest an Pfingsten 2023. Alle Termine finden sich auf der Homepage des Sch\u00fctzenvereins.<\/p>\n<p style=\"font-weight: 400;\">Der letzte Punkt der Tagesordnung bringt auch h\u00e4ufig die meiste Diskussion mit sich: Verschiedenes. Es wurde wie erwartet gut und engagiert diskutiert. U.a. ging es um die Zukunft des Medaillenschie\u00dfens, den Versand von offiziellen Einladungen via Email, das Schm\u00fccken der Stra\u00dfen im Vereinsbezirk zu Sch\u00fctzenfest und Zugwege an Sch\u00fctzenfest.<\/p>\n<p style=\"font-weight: 400;\">Mit dem gesungenen K\u00f6nigslied und dem anschlie\u00dfenden Dank des ersten Vorsitzenden an die Anwesenden f\u00fcr die Teilnahme und rege Diskussion ging die Jahreshauptversammlung nach etwas mehr als zwei Stunden zu Ende.<\/p>\n<p><a href=\"https:\/\/www.frohsinn-ost.de\/wordpress\/wp-content\/uploads\/2022\/11\/Gross-IMG_4422.png\"><img loading=\"lazy\" decoding=\"async\" class=\"aligncenter wp-image-292268 size-full\" src=\"https:\/\/www.frohsinn-ost.de\/wordpress\/wp-content\/uploads\/2022\/11\/Gross-IMG_4422.png\" alt=\"Vorstand 2022\/23\" width=\"1280\" height=\"960\" srcset=\"https:\/\/www.frohsinn-ost.de\/wordpress\/wp-content\/uploads\/2022\/11\/Gross-IMG_4422.png 1280w, https:\/\/www.frohsinn-ost.de\/wordpress\/wp-content\/uploads\/2022\/11\/Gross-IMG_4422-768x576.png 768w\" sizes=\"auto, (max-width: 1280px) 100vw, 1280px\" \/><\/a><\/p>\n","protected":false},"excerpt":{"rendered":"<p>Am vergangenen Samstag trafen sich die Mitglieder des Sch\u00fctzenvereins Frohsinn Greven Ost 1925 e.V. zu ihrer Jahreshauptversammlung. Eingeladen wurde in das Vereinslokal Bertlings P\u00fctt um \u00fcber die aktuellen Aufgaben und Themen innerhalb des Vereins&#46;&#46;&#46;<\/p>\n","protected":false},"author":6,"featured_media":292268,"comment_status":"open","ping_status":"closed","sticky":false,"template":"","format":"standard","meta":{"ngg_post_thumbnail":0,"footnotes":""},"categories":[1],"tags":[],"class_list":["post-292267","post","type-post","status-publish","format-standard","has-post-thumbnail","hentry","category-hauptartikel"],"_links":{"self":[{"href":"https:\/\/www.frohsinn-ost.de\/index.php?rest_route=\/wp\/v2\/posts\/292267","targetHints":{"allow":["GET"]}}],"collection":[{"href":"https:\/\/www.frohsinn-ost.de\/index.php?rest_route=\/wp\/v2\/posts"}],"about":[{"href":"https:\/\/www.frohsinn-ost.de\/index.php?rest_route=\/wp\/v2\/types\/post"}],"author":[{"embeddable":true,"href":"https:\/\/www.frohsinn-ost.de\/index.php?rest_route=\/wp\/v2\/users\/6"}],"replies":[{"embeddable":true,"href":"https:\/\/www.frohsinn-ost.de\/index.php?rest_route=%2Fwp%2Fv2%2Fcomments&post=292267"}],"version-history":[{"count":2,"href":"https:\/\/www.frohsinn-ost.de\/index.php?rest_route=\/wp\/v2\/posts\/292267\/revisions"}],"predecessor-version":[{"id":292270,"href":"https:\/\/www.frohsinn-ost.de\/index.php?rest_route=\/wp\/v2\/posts\/292267\/revisions\/292270"}],"wp:featuredmedia":[{"embeddable":true,"href":"https:\/\/www.frohsinn-ost.de\/index.php?rest_route=\/wp\/v2\/media\/292268"}],"wp:attachment":[{"href":"https:\/\/www.frohsinn-ost.de\/index.php?rest_route=%2Fwp%2Fv2%2Fmedia&parent=292267"}],"wp:term":[{"taxonomy":"category","embeddable":true,"href":"https:\/\/www.frohsinn-ost.de\/index.php?rest_route=%2Fwp%2Fv2%2Fcategories&post=292267"},{"taxonomy":"post_tag","embeddable":true,"href":"https:\/\/www.frohsinn-ost.de\/index.php?rest_route=%2Fwp%2Fv2%2Ftags&post=292267"}],"curies":[{"name":"wp","href":"https:\/\/api.w.org\/{rel}","templated":true}]}}