{"id":292367,"date":"2023-05-21T22:31:03","date_gmt":"2023-05-21T20:31:03","guid":{"rendered":"https:\/\/www.frohsinn-ost.de\/?p=292367"},"modified":"2023-05-22T21:12:24","modified_gmt":"2023-05-22T19:12:24","slug":"medaillenschiessen-zweier-befreundeter-schuetzenvereine","status":"publish","type":"post","link":"https:\/\/www.frohsinn-ost.de\/?p=292367","title":{"rendered":"Medaillenschie\u00dfen zweier befreundeter Sch\u00fctzenvereine"},"content":{"rendered":"<p>Den Auftakt zu jedem Sch\u00fctzenfest ist das vereinsinterne Medaillenschie\u00dfen um die besten Sch\u00fctzen, aktive wie passive, zu ermitteln. So luden die beiden Vereine Friedrichsburg und Frohsinn Ost an Christi Himmelfahrt zum Schie\u00dfstand an der Saerbecker Stra\u00dfe ein. Parallel trugen beide Vereine ihre Wettk\u00e4mpfe aus und erweiterten somit den Kreis der Zuschauer. Das Ergebnis gab den beiden Vorst\u00e4nden in ihrer Idee Recht: Sie k\u00f6nnen von einem gro\u00dfen Erfolg berichten &#8211; konnte doch die Teilnehmerzahl in beiden Vereinen im Vergleich zu den Vor-Corona-Jahren deutlich gesteigert werden.<\/p>\n<p>Die beiden Vorsitzenden Uwe Brockhaus (Friedrichsburg) und Volker Havixbeck (Frohsinn Ost) pr\u00e4sentierten stolz die Sieger in den einzelnen Disziplinen und die jeweiligen Vereinsmeister. In diesem Jahr konnten sich Tobias Veensma gleich bei beiden Vereinen gegen alle Konkurrenten durchsetzen und kann sich stolz doppelter Vereinsmeister nennen. Die beiden Schie\u00dfgruppen der Vereine boten zus\u00e4tzlich und ohne Wertung Bogenschie\u00dfen an, der Jugendausschuss von Frohsinn Ost sorgte f\u00fcr ein buntes Programm f\u00fcr die J\u00fcngsten. Einmal mehr zeigt sich, dass gute Freundschaft und Zusammenarbeit unter den Vereinen die Schl\u00fcssel zum Erfolg sind. Das Feedback der Teilnehmer ist ausnahmslos positiv, was die beiden Schie\u00dfwarten gerade nach ein paar negativen Stimmen im Vorfeld mehr als freut.<\/p>\n<p>Die Auszeichnung der Sieger findet auf den jeweiligen Sch\u00fctzenfesten statt. Frohsinn Ost feiert bereits am kommen Pfingst-Wochenende am Ballenlager, Friedrichsburg veranstaltet sein Sch\u00fctzenfest am 08. und 10. Juni in Quibeldey \u0301s Tenne.&nbsp;<\/p>\n<p><a href=\"https:\/\/www.frohsinn-ost.de\/wordpress\/wp-content\/uploads\/2023\/05\/Ausertung-2023-Ergebnisse.png\"><img loading=\"lazy\" decoding=\"async\" class=\"alignnone size-full wp-image-292380\" src=\"https:\/\/www.frohsinn-ost.de\/wordpress\/wp-content\/uploads\/2023\/05\/Ausertung-2023-Ergebnisse.png\" alt=\"\" width=\"1190\" height=\"1683\" srcset=\"https:\/\/www.frohsinn-ost.de\/wordpress\/wp-content\/uploads\/2023\/05\/Ausertung-2023-Ergebnisse.png 1190w, https:\/\/www.frohsinn-ost.de\/wordpress\/wp-content\/uploads\/2023\/05\/Ausertung-2023-Ergebnisse-768x1086.png 768w, https:\/\/www.frohsinn-ost.de\/wordpress\/wp-content\/uploads\/2023\/05\/Ausertung-2023-Ergebnisse-1086x1536.png 1086w\" sizes=\"auto, (max-width: 1190px) 100vw, 1190px\" \/><\/a><\/p>\n<div id=\"attachment_292368\" style=\"width: 3010px\" class=\"wp-caption alignnone\"><a href=\"https:\/\/www.frohsinn-ost.de\/wordpress\/wp-content\/uploads\/2023\/05\/ost-fburg-scaled.jpg\"><img loading=\"lazy\" decoding=\"async\" aria-describedby=\"caption-attachment-292368\" class=\"size-medium wp-image-292368\" src=\"https:\/\/www.frohsinn-ost.de\/wordpress\/wp-content\/uploads\/2023\/05\/ost-fburg-3000x2250.jpg\" alt=\"\" width=\"3000\" height=\"2250\" srcset=\"https:\/\/www.frohsinn-ost.de\/wordpress\/wp-content\/uploads\/2023\/05\/ost-fburg-3000x2250.jpg 3000w, https:\/\/www.frohsinn-ost.de\/wordpress\/wp-content\/uploads\/2023\/05\/ost-fburg-768x576.jpg 768w, https:\/\/www.frohsinn-ost.de\/wordpress\/wp-content\/uploads\/2023\/05\/ost-fburg-1536x1152.jpg 1536w, https:\/\/www.frohsinn-ost.de\/wordpress\/wp-content\/uploads\/2023\/05\/ost-fburg-2048x1536.jpg 2048w\" sizes=\"auto, (max-width: 3000px) 100vw, 3000px\" \/><\/a><p id=\"caption-attachment-292368\" class=\"wp-caption-text\">Volker Havixbeck und Uwe Brockhaus&nbsp;<\/p><\/div>\n<div id=\"attachment_292369\" style=\"width: 3010px\" class=\"wp-caption alignnone\"><a href=\"https:\/\/www.frohsinn-ost.de\/wordpress\/wp-content\/uploads\/2023\/05\/fburg-scaled.jpg\"><img loading=\"lazy\" decoding=\"async\" aria-describedby=\"caption-attachment-292369\" class=\"size-medium wp-image-292369\" src=\"https:\/\/www.frohsinn-ost.de\/wordpress\/wp-content\/uploads\/2023\/05\/fburg-3000x2250.jpg\" alt=\"\" width=\"3000\" height=\"2250\" srcset=\"https:\/\/www.frohsinn-ost.de\/wordpress\/wp-content\/uploads\/2023\/05\/fburg-3000x2250.jpg 3000w, https:\/\/www.frohsinn-ost.de\/wordpress\/wp-content\/uploads\/2023\/05\/fburg-768x576.jpg 768w, https:\/\/www.frohsinn-ost.de\/wordpress\/wp-content\/uploads\/2023\/05\/fburg-1536x1152.jpg 1536w, https:\/\/www.frohsinn-ost.de\/wordpress\/wp-content\/uploads\/2023\/05\/fburg-2048x1536.jpg 2048w\" sizes=\"auto, (max-width: 3000px) 100vw, 3000px\" \/><\/a><p id=\"caption-attachment-292369\" class=\"wp-caption-text\">Gewinner Sch\u00fctzenverein Friedrichsburg Greven e. V. &#8211;&nbsp;Medaillenschiessen 2023<\/p><\/div>\n<div id=\"attachment_292370\" style=\"width: 1994px\" class=\"wp-caption alignnone\"><a href=\"https:\/\/www.frohsinn-ost.de\/wordpress\/wp-content\/uploads\/2023\/05\/ost.jpg\"><img loading=\"lazy\" decoding=\"async\" aria-describedby=\"caption-attachment-292370\" class=\"wp-image-292370 size-full\" src=\"https:\/\/www.frohsinn-ost.de\/wordpress\/wp-content\/uploads\/2023\/05\/ost.jpg\" alt=\"\" width=\"1984\" height=\"1116\" srcset=\"https:\/\/www.frohsinn-ost.de\/wordpress\/wp-content\/uploads\/2023\/05\/ost.jpg 1984w, https:\/\/www.frohsinn-ost.de\/wordpress\/wp-content\/uploads\/2023\/05\/ost-768x432.jpg 768w, https:\/\/www.frohsinn-ost.de\/wordpress\/wp-content\/uploads\/2023\/05\/ost-1536x864.jpg 1536w\" sizes=\"auto, (max-width: 1984px) 100vw, 1984px\" \/><\/a><p id=\"caption-attachment-292370\" class=\"wp-caption-text\">Gewinner Sch\u00fctzenverein Frohsinn Greven Ost 1925 e.V. &#8211; Medaillenschie\u00dfen 2023<\/p><\/div>\n","protected":false},"excerpt":{"rendered":"<p>Den Auftakt zu jedem Sch\u00fctzenfest ist das vereinsinterne Medaillenschie\u00dfen um die besten Sch\u00fctzen, aktive wie passive, zu ermitteln. So luden die beiden Vereine Friedrichsburg und Frohsinn Ost an Christi Himmelfahrt zum Schie\u00dfstand an der&#46;&#46;&#46;<\/p>\n","protected":false},"author":6,"featured_media":292370,"comment_status":"open","ping_status":"closed","sticky":false,"template":"","format":"standard","meta":{"ngg_post_thumbnail":0,"footnotes":""},"categories":[29],"tags":[],"class_list":["post-292367","post","type-post","status-publish","format-standard","has-post-thumbnail","hentry","category-presse"],"_links":{"self":[{"href":"https:\/\/www.frohsinn-ost.de\/index.php?rest_route=\/wp\/v2\/posts\/292367","targetHints":{"allow":["GET"]}}],"collection":[{"href":"https:\/\/www.frohsinn-ost.de\/index.php?rest_route=\/wp\/v2\/posts"}],"about":[{"href":"https:\/\/www.frohsinn-ost.de\/index.php?rest_route=\/wp\/v2\/types\/post"}],"author":[{"embeddable":true,"href":"https:\/\/www.frohsinn-ost.de\/index.php?rest_route=\/wp\/v2\/users\/6"}],"replies":[{"embeddable":true,"href":"https:\/\/www.frohsinn-ost.de\/index.php?rest_route=%2Fwp%2Fv2%2Fcomments&post=292367"}],"version-history":[{"count":7,"href":"https:\/\/www.frohsinn-ost.de\/index.php?rest_route=\/wp\/v2\/posts\/292367\/revisions"}],"predecessor-version":[{"id":292381,"href":"https:\/\/www.frohsinn-ost.de\/index.php?rest_route=\/wp\/v2\/posts\/292367\/revisions\/292381"}],"wp:featuredmedia":[{"embeddable":true,"href":"https:\/\/www.frohsinn-ost.de\/index.php?rest_route=\/wp\/v2\/media\/292370"}],"wp:attachment":[{"href":"https:\/\/www.frohsinn-ost.de\/index.php?rest_route=%2Fwp%2Fv2%2Fmedia&parent=292367"}],"wp:term":[{"taxonomy":"category","embeddable":true,"href":"https:\/\/www.frohsinn-ost.de\/index.php?rest_route=%2Fwp%2Fv2%2Fcategories&post=292367"},{"taxonomy":"post_tag","embeddable":true,"href":"https:\/\/www.frohsinn-ost.de\/index.php?rest_route=%2Fwp%2Fv2%2Ftags&post=292367"}],"curies":[{"name":"wp","href":"https:\/\/api.w.org\/{rel}","templated":true}]}}