{"id":292387,"date":"2023-05-30T10:39:46","date_gmt":"2023-05-30T08:39:46","guid":{"rendered":"https:\/\/www.frohsinn-ost.de\/?p=292387"},"modified":"2023-05-30T11:02:12","modified_gmt":"2023-05-30T09:02:12","slug":"schuetzenfest-an-pfingsten-neue-regenten-bei-frohsinn-ost","status":"publish","type":"post","link":"https:\/\/www.frohsinn-ost.de\/?p=292387","title":{"rendered":"Sch\u00fctzenfest an Pfingsten \u2013 Neue Regenten bei Frohsinn Ost"},"content":{"rendered":"<p style=\"font-weight: 400;\">Am vergangenen Pfingstwochenende fand das Sch\u00fctzenfest des Sch\u00fctzenvereins \u201eFrohsinn\u201c Greven-Ost 1925 e.V. statt. Neue K\u00f6nigin nach 156 Schuss Kleinkaliber und 12 Schuss Schrot ist Annabell Thewes, neuer Junggesellenk\u00f6nig wurde Simon Madeia. Bierk\u00f6nig 2023 ist G\u00fcnther Morning, Flattermann-K\u00f6nig ist Simon Havixbeck. Das Kinderk\u00f6nigspaar bilden Elisa Holtmann und Luke Zweers.<\/p>\n<p style=\"font-weight: 400;\">Den Auftakt machte am Freitagabend ein gem\u00fctlicher Umzug, um das K\u00f6nigspaar samt Vereinsfahne auszuholen und zum Rosenmachen in das Ballenlager zu begleiten. Der Spielmannszug machte seine Abschlussprobe w\u00e4hrend Ehrengarde und alle anwesenden Mitglieder den Rest des Platzes schm\u00fcckten.<\/p>\n<p style=\"font-weight: 400;\">Am Samstag traten in diesem Jahr alle ein wenig fr\u00fcher an, das Kindersch\u00fctzenfest bekam deutlich mehr Zeit einger\u00e4umt und fand direkt vor dem K\u00f6nigs- und Junggesellenk\u00f6nigsschie\u00dfen statt. Den Anfang machten auch hier ein traditioneller Fest-Umzug, um ein letztes Mal die noch regierenden Majest\u00e4ten inkl. Kinderk\u00f6nig und Kinderk\u00f6nigin auszuholen und zum Festplatz zu begleiten. Dort angekommen fand das Kinderk\u00f6nigschie\u00dfen und ein gro\u00dfes Freispielangebot inkl. H\u00fcpfburgen, Kasperletheater, Schminkwerkstatt, Zielwerfen, Slush Ice und vielem mehr statt. Neues Kinderk\u00f6nigspaar sind Elisa Holtmann und Luke Zweers mit Enna Petring, Henry Keller, Nils Zweers und Amelie Suntrop im Hofstaat. Zum Abschluss bekam noch jedes Kind eine kleine \u00dcberraschungst\u00fcte mit kleinen K\u00f6stlichkeiten und einem Andenken an das Kindersch\u00fctzenfest 2023.<\/p>\n<p style=\"font-weight: 400;\">Im Anschluss fand das Junggesellenk\u00f6nigschie\u00dfen statt bei dem sich Simon Madeia am Ende durchsetzen konnte. Beim K\u00f6nigschie\u00dfen wurde zun\u00e4chst mit Kleinkaliber um die Insignien gek\u00e4mpft bevor mit Schrot der Vogel von der Stange geholt wurde. Den vorletzten Schuss machte Nico Johannsmeier und hat dabei nicht mehr viel an der Vogelstange \u00fcbriggelassen, der n\u00e4chste Anw\u00e4rter:in muss \u201enur\u201c noch treffen \u2013 war man sich sicher. Annabell Thewes setzte an und holte souver\u00e4n den letzten Rest von der Vogelstange und darf sich nun K\u00f6nigin bei Frohsinn Ost nennen. Prinzgemahl ist ihr Ehemann Jan Thewes, im Hofstaat sind Kathrin und Karsten Havixbeck sowie Britta und Thomas K\u00f6tterjohann. W\u00e4hrend des Schie\u00dfens wurde die zahlreichen G\u00e4ste durch die Kl\u00e4nge des Spielmannszuges bei einem Platzkonzert unterhalten.<\/p>\n<p style=\"font-weight: 400;\">Der Sonntag begann um 06:00Uhr mit dem traditionellen Wecken im Vereinsbezirk und fand seinen ersten H\u00f6hepunkt beim anschlie\u00dfen Kirchgang. Nach einem kleinen Platzkonzert direkt nach der Messe durch den Spielmannszug des Vereins und des Reckenfelder Blasorchesters ging es zum Ehrenmal, um den verstorbenen Mitgliedern zu gedenken und einen Kranz niederzulegen.<\/p>\n<p style=\"font-weight: 400;\">Gegen Abend fand zu Ehren der neuen Majest\u00e4ten ein Festumzug durch den Vereinsbezirk und die Innenstadt statt. Ziel war der Festsaal im Ballenlager, in dem die G\u00e4ste schon sehns\u00fcchtig auf die Ankunft warteten. Auf dem Programm stand als erster Punkt die Jubilar Ehrung 12 Mitglieder wurden f\u00fcr ihre Vereinstreue ausgezeichnet \u2013 mit dabei u.a. Franz Hellmann, Helmut K\u00f6ster, Heinz Eckert und Josef Grautmann mit je 75 Jahren Mitgliedschaft sowie Ehrenvorsitzender Werner Teupe mit 60 Jahren Mitgliedschaft. Mit dem Er\u00f6ffnungstanz durch das K\u00f6nigspaar startete der eigentliche Ball, bei dem bis in die Morgenstunden ausgiebig gefeiert wurde. Beste Unterhaltung bot die \u201eMax Band\u201c und sorgte f\u00fcr eine stets gut gef\u00fcllte Tanzfl\u00e4che.<\/p>\n<p style=\"font-weight: 400;\">Der Montag ist klassisch ein wenig ruhiger, bot aber genauso gut seine Highlights. So wurden noch zwei weitere K\u00f6nigsw\u00fcrden vergeben. Flattermannk\u00f6nig wurde in diesem Jahr Simon Havixbeck, Bierk\u00f6nig ist G\u00fcnther Morning. Gegen sp\u00e4ten Nachmittag wurde das Sch\u00fctzenfest zu Grabe getragen und unter Tr\u00e4nen beerdigt.<\/p>\n<p style=\"font-weight: 400;\">\u201eEndlich sind wir wieder angekommen\u201c war auch in diesem Jahr der Leitspruch unseres ersten Vorsitzenden Volker Havixbeck am Pfingstwochenende 2023. An dieser Stelle nochmal ein Gl\u00fcckwunsch an alle W\u00fcrdentr\u00e4ger und Jubilare und ein gro\u00dfer Dank an alle Teilnehmer:innen vom vergangenen Wochenende.<\/p>\n<p>&nbsp;<\/p>\n<p style=\"text-align: center;\">&nbsp;<\/p>\n<p><a href=\"https:\/\/www.frohsinn-ost.de\/wordpress\/wp-content\/uploads\/2023\/05\/WhatsApp-Image-2023-05-29-at-19.44.11.jpeg\"><img loading=\"lazy\" decoding=\"async\" class=\"size-full wp-image-292385 aligncenter\" src=\"https:\/\/www.frohsinn-ost.de\/wordpress\/wp-content\/uploads\/2023\/05\/WhatsApp-Image-2023-05-29-at-19.44.11.jpeg\" alt=\"K\u00f6nigspaar 2023\" width=\"1600\" height=\"1199\" srcset=\"https:\/\/www.frohsinn-ost.de\/wordpress\/wp-content\/uploads\/2023\/05\/WhatsApp-Image-2023-05-29-at-19.44.11.jpeg 1600w, https:\/\/www.frohsinn-ost.de\/wordpress\/wp-content\/uploads\/2023\/05\/WhatsApp-Image-2023-05-29-at-19.44.11-768x576.jpeg 768w, https:\/\/www.frohsinn-ost.de\/wordpress\/wp-content\/uploads\/2023\/05\/WhatsApp-Image-2023-05-29-at-19.44.11-1536x1151.jpeg 1536w\" sizes=\"auto, (max-width: 1600px) 100vw, 1600px\" \/><\/a> <a href=\"https:\/\/www.frohsinn-ost.de\/wordpress\/wp-content\/uploads\/2023\/05\/Vorstand-2023.jpeg\"><img loading=\"lazy\" decoding=\"async\" class=\"size-full wp-image-292396 aligncenter\" src=\"https:\/\/www.frohsinn-ost.de\/wordpress\/wp-content\/uploads\/2023\/05\/Vorstand-2023.jpeg\" alt=\"Vorstand 2023\" width=\"1984\" height=\"1116\" srcset=\"https:\/\/www.frohsinn-ost.de\/wordpress\/wp-content\/uploads\/2023\/05\/Vorstand-2023.jpeg 1984w, https:\/\/www.frohsinn-ost.de\/wordpress\/wp-content\/uploads\/2023\/05\/Vorstand-2023-768x432.jpeg 768w, https:\/\/www.frohsinn-ost.de\/wordpress\/wp-content\/uploads\/2023\/05\/Vorstand-2023-1536x864.jpeg 1536w\" sizes=\"auto, (max-width: 1984px) 100vw, 1984px\" \/><\/a><a href=\"https:\/\/www.frohsinn-ost.de\/wordpress\/wp-content\/uploads\/2023\/05\/Ehrengarde-2023.jpeg\"><img loading=\"lazy\" decoding=\"async\" class=\"alignnone size-full wp-image-292388 aligncenter\" src=\"https:\/\/www.frohsinn-ost.de\/wordpress\/wp-content\/uploads\/2023\/05\/Ehrengarde-2023.jpeg\" alt=\"Ehrengarde 2023\" width=\"1984\" height=\"1116\" srcset=\"https:\/\/www.frohsinn-ost.de\/wordpress\/wp-content\/uploads\/2023\/05\/Ehrengarde-2023.jpeg 1984w, https:\/\/www.frohsinn-ost.de\/wordpress\/wp-content\/uploads\/2023\/05\/Ehrengarde-2023-768x432.jpeg 768w, https:\/\/www.frohsinn-ost.de\/wordpress\/wp-content\/uploads\/2023\/05\/Ehrengarde-2023-1536x864.jpeg 1536w\" sizes=\"auto, (max-width: 1984px) 100vw, 1984px\" \/><\/a> <a href=\"https:\/\/www.frohsinn-ost.de\/wordpress\/wp-content\/uploads\/2023\/05\/Spielmannszug-2023.jpeg\"><img loading=\"lazy\" decoding=\"async\" class=\"size-full wp-image-292395 aligncenter\" src=\"https:\/\/www.frohsinn-ost.de\/wordpress\/wp-content\/uploads\/2023\/05\/Spielmannszug-2023.jpeg\" alt=\"Spielmannszug 2023\" width=\"1984\" height=\"1116\" srcset=\"https:\/\/www.frohsinn-ost.de\/wordpress\/wp-content\/uploads\/2023\/05\/Spielmannszug-2023.jpeg 1984w, https:\/\/www.frohsinn-ost.de\/wordpress\/wp-content\/uploads\/2023\/05\/Spielmannszug-2023-768x432.jpeg 768w, https:\/\/www.frohsinn-ost.de\/wordpress\/wp-content\/uploads\/2023\/05\/Spielmannszug-2023-1536x864.jpeg 1536w\" sizes=\"auto, (max-width: 1984px) 100vw, 1984px\" \/><\/a><a href=\"https:\/\/www.frohsinn-ost.de\/wordpress\/wp-content\/uploads\/2023\/05\/Fahnentraeger-2023.jpeg\"><img loading=\"lazy\" decoding=\"async\" class=\"size-full wp-image-292389 aligncenter\" src=\"https:\/\/www.frohsinn-ost.de\/wordpress\/wp-content\/uploads\/2023\/05\/Fahnentraeger-2023.jpeg\" alt=\"Fahnentr\u00e4ger 2023\" width=\"1984\" height=\"1116\" srcset=\"https:\/\/www.frohsinn-ost.de\/wordpress\/wp-content\/uploads\/2023\/05\/Fahnentraeger-2023.jpeg 1984w, https:\/\/www.frohsinn-ost.de\/wordpress\/wp-content\/uploads\/2023\/05\/Fahnentraeger-2023-768x432.jpeg 768w, https:\/\/www.frohsinn-ost.de\/wordpress\/wp-content\/uploads\/2023\/05\/Fahnentraeger-2023-1536x864.jpeg 1536w\" sizes=\"auto, (max-width: 1984px) 100vw, 1984px\" \/><\/a> <a href=\"https:\/\/www.frohsinn-ost.de\/wordpress\/wp-content\/uploads\/2023\/05\/Kinderkoenigin-und-Koenigin-2023.jpeg\"><img loading=\"lazy\" decoding=\"async\" class=\"size-full wp-image-292394 aligncenter\" src=\"https:\/\/www.frohsinn-ost.de\/wordpress\/wp-content\/uploads\/2023\/05\/Kinderkoenigin-und-Koenigin-2023.jpeg\" alt=\"Kinderk\u00f6nigin und K\u00f6nigin 2023\" width=\"1600\" height=\"924\" srcset=\"https:\/\/www.frohsinn-ost.de\/wordpress\/wp-content\/uploads\/2023\/05\/Kinderkoenigin-und-Koenigin-2023.jpeg 1600w, https:\/\/www.frohsinn-ost.de\/wordpress\/wp-content\/uploads\/2023\/05\/Kinderkoenigin-und-Koenigin-2023-768x444.jpeg 768w, https:\/\/www.frohsinn-ost.de\/wordpress\/wp-content\/uploads\/2023\/05\/Kinderkoenigin-und-Koenigin-2023-1536x887.jpeg 1536w\" sizes=\"auto, (max-width: 1600px) 100vw, 1600px\" \/><\/a> <a href=\"https:\/\/www.frohsinn-ost.de\/wordpress\/wp-content\/uploads\/2023\/05\/Kasperletheater-2023.jpeg\"><img loading=\"lazy\" decoding=\"async\" class=\"size-full wp-image-292393 aligncenter\" src=\"https:\/\/www.frohsinn-ost.de\/wordpress\/wp-content\/uploads\/2023\/05\/Kasperletheater-2023.jpeg\" alt=\"Kasperletheater 2023\" width=\"1984\" height=\"1116\" srcset=\"https:\/\/www.frohsinn-ost.de\/wordpress\/wp-content\/uploads\/2023\/05\/Kasperletheater-2023.jpeg 1984w, https:\/\/www.frohsinn-ost.de\/wordpress\/wp-content\/uploads\/2023\/05\/Kasperletheater-2023-768x432.jpeg 768w, https:\/\/www.frohsinn-ost.de\/wordpress\/wp-content\/uploads\/2023\/05\/Kasperletheater-2023-1536x864.jpeg 1536w\" sizes=\"auto, (max-width: 1984px) 100vw, 1984px\" \/><\/a> <a href=\"https:\/\/www.frohsinn-ost.de\/wordpress\/wp-content\/uploads\/2023\/05\/Junggesselenkoenig-2023.jpeg\"><img loading=\"lazy\" decoding=\"async\" class=\"size-full wp-image-292392 aligncenter\" src=\"https:\/\/www.frohsinn-ost.de\/wordpress\/wp-content\/uploads\/2023\/05\/Junggesselenkoenig-2023.jpeg\" alt=\"Junggesselenk\u00f6nig 2023\" width=\"900\" height=\"1600\" srcset=\"https:\/\/www.frohsinn-ost.de\/wordpress\/wp-content\/uploads\/2023\/05\/Junggesselenkoenig-2023.jpeg 900w, https:\/\/www.frohsinn-ost.de\/wordpress\/wp-content\/uploads\/2023\/05\/Junggesselenkoenig-2023-768x1365.jpeg 768w, https:\/\/www.frohsinn-ost.de\/wordpress\/wp-content\/uploads\/2023\/05\/Junggesselenkoenig-2023-864x1536.jpeg 864w\" sizes=\"auto, (max-width: 900px) 100vw, 900px\" \/><\/a> <a href=\"https:\/\/www.frohsinn-ost.de\/wordpress\/wp-content\/uploads\/2023\/05\/Jubilare-2023.jpeg\"><img loading=\"lazy\" decoding=\"async\" class=\"size-full wp-image-292391 aligncenter\" src=\"https:\/\/www.frohsinn-ost.de\/wordpress\/wp-content\/uploads\/2023\/05\/Jubilare-2023.jpeg\" alt=\"Jubilare 2023\" width=\"1024\" height=\"768\" srcset=\"https:\/\/www.frohsinn-ost.de\/wordpress\/wp-content\/uploads\/2023\/05\/Jubilare-2023.jpeg 1024w, https:\/\/www.frohsinn-ost.de\/wordpress\/wp-content\/uploads\/2023\/05\/Jubilare-2023-768x576.jpeg 768w\" sizes=\"auto, (max-width: 1024px) 100vw, 1024px\" \/><\/a> <a href=\"https:\/\/www.frohsinn-ost.de\/wordpress\/wp-content\/uploads\/2023\/05\/Gruppenfoto-2023.jpeg\"><img loading=\"lazy\" decoding=\"async\" class=\"size-full wp-image-292390 aligncenter\" src=\"https:\/\/www.frohsinn-ost.de\/wordpress\/wp-content\/uploads\/2023\/05\/Gruppenfoto-2023.jpeg\" alt=\"Gruppenfoto 2023\" width=\"1280\" height=\"1115\" srcset=\"https:\/\/www.frohsinn-ost.de\/wordpress\/wp-content\/uploads\/2023\/05\/Gruppenfoto-2023.jpeg 1280w, https:\/\/www.frohsinn-ost.de\/wordpress\/wp-content\/uploads\/2023\/05\/Gruppenfoto-2023-768x669.jpeg 768w\" sizes=\"auto, (max-width: 1280px) 100vw, 1280px\" \/><\/a><\/p>\n<p><a href=\"https:\/\/www.frohsinn-ost.de\/wordpress\/wp-content\/uploads\/2023\/05\/jubilare_neue_2023.png\"><img loading=\"lazy\" decoding=\"async\" class=\"size-full wp-image-292398 aligncenter\" src=\"https:\/\/www.frohsinn-ost.de\/wordpress\/wp-content\/uploads\/2023\/05\/jubilare_neue_2023.png\" alt=\"\" width=\"873\" height=\"1224\" srcset=\"https:\/\/www.frohsinn-ost.de\/wordpress\/wp-content\/uploads\/2023\/05\/jubilare_neue_2023.png 873w, https:\/\/www.frohsinn-ost.de\/wordpress\/wp-content\/uploads\/2023\/05\/jubilare_neue_2023-768x1077.png 768w\" sizes=\"auto, (max-width: 873px) 100vw, 873px\" \/><\/a><\/p>\n","protected":false},"excerpt":{"rendered":"<p>Am vergangenen Pfingstwochenende fand das Sch\u00fctzenfest des Sch\u00fctzenvereins \u201eFrohsinn\u201c Greven-Ost 1925 e.V. statt. Neue K\u00f6nigin nach 156 Schuss Kleinkaliber und 12 Schuss Schrot ist Annabell Thewes, neuer Junggesellenk\u00f6nig wurde Simon Madeia. Bierk\u00f6nig 2023 ist&#46;&#46;&#46;<\/p>\n","protected":false},"author":6,"featured_media":292394,"comment_status":"open","ping_status":"closed","sticky":false,"template":"","format":"image","meta":{"ngg_post_thumbnail":0,"footnotes":""},"categories":[29],"tags":[32,31,25,30,24,3,28],"class_list":["post-292387","post","type-post","status-publish","format-image","has-post-thumbnail","hentry","category-presse","tag-koenig","tag-koenigin","tag-pfingsten","tag-platzkonzert","tag-schuetzenfest","tag-schutzenverein","tag-umuzg","post_format-post-format-image"],"_links":{"self":[{"href":"https:\/\/www.frohsinn-ost.de\/index.php?rest_route=\/wp\/v2\/posts\/292387","targetHints":{"allow":["GET"]}}],"collection":[{"href":"https:\/\/www.frohsinn-ost.de\/index.php?rest_route=\/wp\/v2\/posts"}],"about":[{"href":"https:\/\/www.frohsinn-ost.de\/index.php?rest_route=\/wp\/v2\/types\/post"}],"author":[{"embeddable":true,"href":"https:\/\/www.frohsinn-ost.de\/index.php?rest_route=\/wp\/v2\/users\/6"}],"replies":[{"embeddable":true,"href":"https:\/\/www.frohsinn-ost.de\/index.php?rest_route=%2Fwp%2Fv2%2Fcomments&post=292387"}],"version-history":[{"count":6,"href":"https:\/\/www.frohsinn-ost.de\/index.php?rest_route=\/wp\/v2\/posts\/292387\/revisions"}],"predecessor-version":[{"id":292403,"href":"https:\/\/www.frohsinn-ost.de\/index.php?rest_route=\/wp\/v2\/posts\/292387\/revisions\/292403"}],"wp:featuredmedia":[{"embeddable":true,"href":"https:\/\/www.frohsinn-ost.de\/index.php?rest_route=\/wp\/v2\/media\/292394"}],"wp:attachment":[{"href":"https:\/\/www.frohsinn-ost.de\/index.php?rest_route=%2Fwp%2Fv2%2Fmedia&parent=292387"}],"wp:term":[{"taxonomy":"category","embeddable":true,"href":"https:\/\/www.frohsinn-ost.de\/index.php?rest_route=%2Fwp%2Fv2%2Fcategories&post=292387"},{"taxonomy":"post_tag","embeddable":true,"href":"https:\/\/www.frohsinn-ost.de\/index.php?rest_route=%2Fwp%2Fv2%2Ftags&post=292387"}],"curies":[{"name":"wp","href":"https:\/\/api.w.org\/{rel}","templated":true}]}}