{"id":292644,"date":"2023-07-11T21:29:31","date_gmt":"2023-07-11T19:29:31","guid":{"rendered":"https:\/\/www.frohsinn-ost.de\/?p=292644"},"modified":"2023-07-11T21:32:02","modified_gmt":"2023-07-11T19:32:02","slug":"neue-fotos-der-letzten-veranstaltungen-und-termine","status":"publish","type":"post","link":"https:\/\/www.frohsinn-ost.de\/?p=292644","title":{"rendered":"Neue Fotos der letzten Veranstaltungen und Termine"},"content":{"rendered":"<p>Die Galerien und Alben des Foto Bereiches wurden gerade eben mit reichlich neuem Content versorgt. So gibt es nun Fotos von unserer Teilnahme bei den Jubil\u00e4umsumz\u00fcgen in Maestrup und Gimbte, unserem Medaillenschie\u00dfen und mit den meisten Fotos unser eigenes Sch\u00fctzenfest. Auch an dieser Stelle nochmal ein gro\u00dfes Dankesch\u00f6n an unsere Fotografin f\u00fcrs Einfangen und Festhalten der sch\u00f6nsten Momente.<\/p>\n<h1>Maestrup<\/h1>\nngg_shortcode_0_placeholder\n<h1>Gimbte<\/h1>\nngg_shortcode_1_placeholder\n<h1>Medaillenschie\u00dfen<\/h1>\nngg_shortcode_2_placeholder\n<h1>Sch\u00fctzenfest<\/h1>\nngg_shortcode_3_placeholder\n","protected":false},"excerpt":{"rendered":"<p>Die Galerien und Alben des Foto Bereiches wurden gerade eben mit reichlich neuem Content versorgt. So gibt es nun Fotos von unserer Teilnahme bei den Jubil\u00e4umsumz\u00fcgen in Maestrup und Gimbte, unserem Medaillenschie\u00dfen und mit&#46;&#46;&#46;<\/p>\n","protected":false},"author":6,"featured_media":292649,"comment_status":"open","ping_status":"closed","sticky":false,"template":"","format":"standard","meta":{"ngg_post_thumbnail":0,"footnotes":""},"categories":[1],"tags":[],"class_list":["post-292644","post","type-post","status-publish","format-standard","has-post-thumbnail","hentry","category-hauptartikel"],"_links":{"self":[{"href":"https:\/\/www.frohsinn-ost.de\/index.php?rest_route=\/wp\/v2\/posts\/292644","targetHints":{"allow":["GET"]}}],"collection":[{"href":"https:\/\/www.frohsinn-ost.de\/index.php?rest_route=\/wp\/v2\/posts"}],"about":[{"href":"https:\/\/www.frohsinn-ost.de\/index.php?rest_route=\/wp\/v2\/types\/post"}],"author":[{"embeddable":true,"href":"https:\/\/www.frohsinn-ost.de\/index.php?rest_route=\/wp\/v2\/users\/6"}],"replies":[{"embeddable":true,"href":"https:\/\/www.frohsinn-ost.de\/index.php?rest_route=%2Fwp%2Fv2%2Fcomments&post=292644"}],"version-history":[{"count":5,"href":"https:\/\/www.frohsinn-ost.de\/index.php?rest_route=\/wp\/v2\/posts\/292644\/revisions"}],"predecessor-version":[{"id":292650,"href":"https:\/\/www.frohsinn-ost.de\/index.php?rest_route=\/wp\/v2\/posts\/292644\/revisions\/292650"}],"wp:featuredmedia":[{"embeddable":true,"href":"https:\/\/www.frohsinn-ost.de\/index.php?rest_route=\/wp\/v2\/media\/292649"}],"wp:attachment":[{"href":"https:\/\/www.frohsinn-ost.de\/index.php?rest_route=%2Fwp%2Fv2%2Fmedia&parent=292644"}],"wp:term":[{"taxonomy":"category","embeddable":true,"href":"https:\/\/www.frohsinn-ost.de\/index.php?rest_route=%2Fwp%2Fv2%2Fcategories&post=292644"},{"taxonomy":"post_tag","embeddable":true,"href":"https:\/\/www.frohsinn-ost.de\/index.php?rest_route=%2Fwp%2Fv2%2Ftags&post=292644"}],"curies":[{"name":"wp","href":"https:\/\/api.w.org\/{rel}","templated":true}]}}