{"id":292655,"date":"2023-11-12T21:53:51","date_gmt":"2023-11-12T20:53:51","guid":{"rendered":"https:\/\/www.frohsinn-ost.de\/?p=292655"},"modified":"2023-11-12T21:54:02","modified_gmt":"2023-11-12T20:54:02","slug":"jahreshauptversammlung-bei-frohsinn-ost-der-blick-geht-richtung-jubilaeum","status":"publish","type":"post","link":"https:\/\/www.frohsinn-ost.de\/?p=292655","title":{"rendered":"Jahreshauptversammlung bei Frohsinn Ost \u2013 Der Blick geht Richtung Jubil\u00e4um"},"content":{"rendered":"<p>Am vergangenen Samstag trafen sich die Mitglieder des Sch\u00fctzenvereins Frohsinn Greven Ost 1925 e.V. zu ihrer Jahreshauptversammlung. Eingeladen wurde in das Vereinslokal Bertlings P\u00fctt um \u00fcber die aktuellen Aufgaben und Themen innerhalb des Vereins zu sprechen.<\/p>\n<p>Volker Havixbeck (erster Vorsitzender) konnte zahlreiche gut gelaunte Mitglieder begr\u00fc\u00dfen und richtete besondere Gr\u00fc\u00dfe&nbsp;an das K\u00f6nigspaar Annabell und Jan Thewes, Kaiserpaar Mike Sch\u00e4permeier und Jeannine Hillenk\u00f6tter, Vereinsmeister Tobias Veensma, Junggesellenk\u00f6nig Simon Madeia, Bierk\u00f6nig G\u00fcnther Morning und Flattermann K\u00f6nig Simon Havixbeck. Nicht unerw\u00e4hnt blieben auch das Kinderk\u00f6nigspaar Elisa Holtmann und Luke Zweers. Ein besonderer Dank ging an die Chronisten Elke Fritzler und Peter D\u00f6pker f\u00fcr ihre stetige gute und \u00fcberaus wertvolle Arbeit und an unsere Vereinswirtin Elisabeth Wentker. In einer Gedenkminute gedachten die Anwesenden den verstorbenen Mitgliedern im letzten Jahr.<\/p>\n<p>Es folgte der Jahresbericht des ersten Vorsitzenden, der von einem erfolgreichem Sch\u00fctzenfest berichten konnte. Aber alles der Reihe nach: Im letzten Jahr fanden die Nikolausbesuche bei den Vereinskindern statt &#8211; &nbsp;unterst\u00fctzt durch den Jugendausschuss konnte der Nikolaus in viele strahlende Kindergesichter blicken. Es folgte der Grevener Karneval und Teilnahme fast aller Abteilungen an den Feierlichkeiten. Endlich wurde in Greven wieder gezockt, das Skat- und das Doppelkopfturnier fanden nach einer Corona Pause wieder statt und erfreuten sich gro\u00dfer Beliebtheit. Im Mai wurde Sch\u00fctzenfest gefeiert, mit allem, was dazu geh\u00f6rt: Medaillenschie\u00dfen, Schm\u00fccken, Umz\u00fcge, K\u00f6nigsschie\u00dfen, Kirchgang und einem sehr gut besuchten Festball. Besonders zu erw\u00e4hnen war das sehr gut besuchte Kindersch\u00fctzenfest, welches am Pfingst-Samstag veranstaltet wurde.&nbsp;<\/p>\n<p>Im Anschluss an den R\u00fcckblick des Vorsitzenden wurde aufmerksam den Jahresberichten der Abteilungen Schie\u00dfgruppe, Ehrengarde, Spielmannszug und Jugendausschuss gefolgt. Alle konnten auf ein erfolgreiches Jahr zur\u00fcckblicken. Die Sport-Sch\u00fctzen gewannen Meisterschaften, der Spielmannszug veranstaltete ein Benefizkonzert, die Ehrengarde hat sich breiter aufgestellt und der Jugendausschuss erweitert.<\/p>\n<p>Es folgten der Kassenbericht und ein Bericht der Kassenpr\u00fcfer: Kassiererin und Vorstand wurde einstimmig die Entlastung erteilt.<\/p>\n<p>Danach folgten die Vorstandswahlen, welche kleine \u00c4nderungen ergaben &#8211; &nbsp;Tobias Madeia scheidet auf eigenen Wunsch aus dem Vorstand aus. An Seine Stelle r\u00fcckt Christian Hillenk\u00f6tter und bekleidet das Amt des Beisitzers. Alle anderen Posten wurden durch die Versammlung best\u00e4tigt. Nach den Wahlen wurden die Termine f\u00fcr das kommende Jahr besprochen. U.a. Nikolaus-Besuche Anfang Dezember, die beiden Kartenturniere im Februar 2024 und das Sch\u00fctzenfest an Pfingsten 2024. Alle Termine finden sich auf der Homepage des Sch\u00fctzenvereins.&nbsp;<\/p>\n<p>Der letzte Punkt der Tagesordnung bringt auch h\u00e4ufig die meiste Diskussion mit sich: Verschiedenes. Es wurde wie erwartet gut und engagiert diskutiert. U.a. ging es um die Marschrouten beim Sch\u00fctzenfest, das F\u00e4hnchen-Aufh\u00e4ngen und die Vorbereitungen f\u00fcr Jubil\u00e4um 2025.&nbsp;<\/p>\n<p>Mit dem gesungenen K\u00f6nigslied und dem anschlie\u00dfenden Dank des ersten Vorsitzenden an die Anwesenden f\u00fcr die Teilnahme und rege Diskussion ging die Jahreshauptversammlung nach knapp zwei Stunden zu Ende.&nbsp;<\/p>\n<p><a href=\"https:\/\/www.frohsinn-ost.de\/wordpress\/wp-content\/uploads\/2023\/11\/IMG_1098.png\"><img loading=\"lazy\" decoding=\"async\" class=\"wp-image-292656 size-full aligncenter\" src=\"https:\/\/www.frohsinn-ost.de\/wordpress\/wp-content\/uploads\/2023\/11\/IMG_1098-e1699822413245.png\" alt=\"\" width=\"1238\" height=\"729\" srcset=\"https:\/\/www.frohsinn-ost.de\/wordpress\/wp-content\/uploads\/2023\/11\/IMG_1098-e1699822413245.png 1238w, https:\/\/www.frohsinn-ost.de\/wordpress\/wp-content\/uploads\/2023\/11\/IMG_1098-e1699822413245-768x452.png 768w\" sizes=\"auto, (max-width: 1238px) 100vw, 1238px\" \/><\/a><\/p>\n","protected":false},"excerpt":{"rendered":"<p>Am vergangenen Samstag trafen sich die Mitglieder des Sch\u00fctzenvereins Frohsinn Greven Ost 1925 e.V. zu ihrer Jahreshauptversammlung. Eingeladen wurde in das Vereinslokal Bertlings P\u00fctt um \u00fcber die aktuellen Aufgaben und Themen innerhalb des Vereins&#46;&#46;&#46;<\/p>\n","protected":false},"author":6,"featured_media":292656,"comment_status":"open","ping_status":"closed","sticky":false,"template":"","format":"standard","meta":{"ngg_post_thumbnail":0,"footnotes":""},"categories":[1],"tags":[],"class_list":["post-292655","post","type-post","status-publish","format-standard","has-post-thumbnail","hentry","category-hauptartikel"],"_links":{"self":[{"href":"https:\/\/www.frohsinn-ost.de\/index.php?rest_route=\/wp\/v2\/posts\/292655","targetHints":{"allow":["GET"]}}],"collection":[{"href":"https:\/\/www.frohsinn-ost.de\/index.php?rest_route=\/wp\/v2\/posts"}],"about":[{"href":"https:\/\/www.frohsinn-ost.de\/index.php?rest_route=\/wp\/v2\/types\/post"}],"author":[{"embeddable":true,"href":"https:\/\/www.frohsinn-ost.de\/index.php?rest_route=\/wp\/v2\/users\/6"}],"replies":[{"embeddable":true,"href":"https:\/\/www.frohsinn-ost.de\/index.php?rest_route=%2Fwp%2Fv2%2Fcomments&post=292655"}],"version-history":[{"count":1,"href":"https:\/\/www.frohsinn-ost.de\/index.php?rest_route=\/wp\/v2\/posts\/292655\/revisions"}],"predecessor-version":[{"id":292657,"href":"https:\/\/www.frohsinn-ost.de\/index.php?rest_route=\/wp\/v2\/posts\/292655\/revisions\/292657"}],"wp:featuredmedia":[{"embeddable":true,"href":"https:\/\/www.frohsinn-ost.de\/index.php?rest_route=\/wp\/v2\/media\/292656"}],"wp:attachment":[{"href":"https:\/\/www.frohsinn-ost.de\/index.php?rest_route=%2Fwp%2Fv2%2Fmedia&parent=292655"}],"wp:term":[{"taxonomy":"category","embeddable":true,"href":"https:\/\/www.frohsinn-ost.de\/index.php?rest_route=%2Fwp%2Fv2%2Fcategories&post=292655"},{"taxonomy":"post_tag","embeddable":true,"href":"https:\/\/www.frohsinn-ost.de\/index.php?rest_route=%2Fwp%2Fv2%2Ftags&post=292655"}],"curies":[{"name":"wp","href":"https:\/\/api.w.org\/{rel}","templated":true}]}}