{"id":292675,"date":"2024-05-27T12:57:11","date_gmt":"2024-05-27T10:57:11","guid":{"rendered":"https:\/\/www.frohsinn-ost.de\/?p=292675"},"modified":"2024-05-27T12:57:11","modified_gmt":"2024-05-27T10:57:11","slug":"schuetzenverein-frohsinn-ost-feiert-ein-grossartiges-schuetzenfest","status":"publish","type":"post","link":"https:\/\/www.frohsinn-ost.de\/?p=292675","title":{"rendered":"Sch\u00fctzenverein Frohsinn Ost feiert ein gro\u00dfartiges Sch\u00fctzenfest"},"content":{"rendered":"<p>Am Pfingst-Wochenende feierte der Sch\u00fctzenverein Frohsinn Ost sein traditionelles Sch\u00fctzenfest, das einmal mehr die Verbundenheit zur Kultur und zum Brauchtum unserer Region unterstrich. Unter dem Sch\u00fctzen-Motto &#8222;Glaube, Sitte, Heimat&#8220; versammelten sich Mitglieder und G\u00e4ste, um gemeinsam ein buntes Programm voller H\u00f6hepunkte zu erleben.<\/p>\n<p>Der Samstag stand zu erst ganz im Zeichen der Kinder: Beim Kindersch\u00fctzenfest am Nachmittag traten die jungen Sch\u00fctzen voller Begeisterung an. Ennie Suntrop wurde zur neuen Kinderk\u00f6nigin und August Suntrop zum neuen Kinderk\u00f6nig gekr\u00f6nt. Im Anschluss genossen die Kinder ein vielf\u00e4ltiges Spiel- und Spa\u00dfangebot, das H\u00fcpfburgen, einen Geschichtenerz\u00e4hler, Gesichterbemalungen und viele weitere Attraktionen umfasste.<\/p>\n<p>Ein weiteres Highlight des Tages war das K\u00f6nigsschie\u00dfen, bei dem Anne Fraune nach 99 Kleinkaliber- und 17 Schrotsch\u00fcssen den letzten Rest des Vogels von der Stange holte. Sie setzte sich gegen drei starke Mitbewerber durch und berief Marion und Volker Havixbeck sowie Dorothee Gerdemann und Mario Kay in ihren Hofstaat. Neuer Junggesellenk\u00f6nig wurde Pascal Suntrop nach 96 Schrotsch\u00fcssen und einem defekten Gewehr. W\u00e4hrend des Schie\u00dfens erfreute das Reckenfelder Blasorchester die Anwesenden mit einem wunderbaren Platzkonzert.<\/p>\n<p>Am Samstagnachmittag wurden au\u00dferdem die Vereinsmedaillen verliehen, wobei u.a. Sascha Howest als neuer Vereinsmeister geehrt wurde.<\/p>\n<p>Der Sonntag begann feierlich mit einem gemeinsamen Kirchgang und einem Platzkonzert des Reckenfelder Blasorchesters und unseres Spielmannszuges. Im Anschluss folgte die Kranzniederlegung am Ehrenmal zum Gedenken an die Verstorbenen.<\/p>\n<p>Der gro\u00dfe K\u00f6nigsball am Sonntagabend im Ballenlager war der feierliche H\u00f6hepunkt des Wochenendes. Nach der offiziellen Er\u00f6ffnung, der Ehrung der Jubilare und der Verleihung des Ordens f\u00fcr besondere Verdienste im Verein an Werner Fritzler wurde bis tief in die Nacht getanzt. Das traditionelle Eier-Essen bei der K\u00f6nigin durfte dabei selbstverst\u00e4ndlich nicht fehlen.<\/p>\n<p>Am Montag klang das Sch\u00fctzenfest langsam aus. Zwei spannende Wettschie\u00dfen wurden noch durchgef\u00fchrt: Thorsten Keller sicherte sich den Titel des Bierk\u00f6nigs nach 81 Schrotsch\u00fcssen und Karsten Havixbeck wurde mit 204 Kleinkalibersch\u00fcssen neuer Flattermannk\u00f6nig.<\/p>\n<p>Das Sch\u00fctzenfest des Sch\u00fctzenvereins Frohsinn Ost stellte einmal mehr die Bedeutung von Tradition, Kultur und Brauchtum in den Mittelpunkt und war gleichzeitig ein gro\u00dfes Familienfest. Die Gemeinschaft und das Miteinander standen stets im Vordergrund. Ein besonderes Dankesch\u00f6n gilt der Ehrengarde, dem Spielmannszug und dem Jugendausschuss, die mit ihrem Engagement ma\u00dfgeblich zum Erfolg des Festes beigetragen haben.<\/p>\n<p>Wir freuen uns schon jetzt auf das n\u00e4chste Jahr und sind dankbar f\u00fcr die wunderbaren Tage, die unsere Vereinsgemeinschaft weiter gest\u00e4rkt haben.<\/p>\n<p>&nbsp;<\/p>\n<p>P.S.: weitere Fotos des Wochenende folgen in K\u00fcrze<\/p>\n<p><a href=\"https:\/\/www.frohsinn-ost.de\/wordpress\/wp-content\/uploads\/2024\/05\/efb377e6-56f7-43a4-a7a1-d9d952fd51f6.png\"><img loading=\"lazy\" decoding=\"async\" class=\"alignnone size-full wp-image-292676\" src=\"https:\/\/www.frohsinn-ost.de\/wordpress\/wp-content\/uploads\/2024\/05\/efb377e6-56f7-43a4-a7a1-d9d952fd51f6.png\" alt=\"\" width=\"1280\" height=\"650\" srcset=\"https:\/\/www.frohsinn-ost.de\/wordpress\/wp-content\/uploads\/2024\/05\/efb377e6-56f7-43a4-a7a1-d9d952fd51f6.png 1280w, https:\/\/www.frohsinn-ost.de\/wordpress\/wp-content\/uploads\/2024\/05\/efb377e6-56f7-43a4-a7a1-d9d952fd51f6-768x390.png 768w\" sizes=\"auto, (max-width: 1280px) 100vw, 1280px\" \/><\/a><\/p>\n","protected":false},"excerpt":{"rendered":"<p>Am Pfingst-Wochenende feierte der Sch\u00fctzenverein Frohsinn Ost sein traditionelles Sch\u00fctzenfest, das einmal mehr die Verbundenheit zur Kultur und zum Brauchtum unserer Region unterstrich. Unter dem Sch\u00fctzen-Motto &#8222;Glaube, Sitte, Heimat&#8220; versammelten sich Mitglieder und G\u00e4ste,&#46;&#46;&#46;<\/p>\n","protected":false},"author":6,"featured_media":292676,"comment_status":"open","ping_status":"closed","sticky":false,"template":"","format":"image","meta":{"ngg_post_thumbnail":0,"footnotes":""},"categories":[1],"tags":[],"class_list":["post-292675","post","type-post","status-publish","format-image","has-post-thumbnail","hentry","category-hauptartikel","post_format-post-format-image"],"_links":{"self":[{"href":"https:\/\/www.frohsinn-ost.de\/index.php?rest_route=\/wp\/v2\/posts\/292675","targetHints":{"allow":["GET"]}}],"collection":[{"href":"https:\/\/www.frohsinn-ost.de\/index.php?rest_route=\/wp\/v2\/posts"}],"about":[{"href":"https:\/\/www.frohsinn-ost.de\/index.php?rest_route=\/wp\/v2\/types\/post"}],"author":[{"embeddable":true,"href":"https:\/\/www.frohsinn-ost.de\/index.php?rest_route=\/wp\/v2\/users\/6"}],"replies":[{"embeddable":true,"href":"https:\/\/www.frohsinn-ost.de\/index.php?rest_route=%2Fwp%2Fv2%2Fcomments&post=292675"}],"version-history":[{"count":1,"href":"https:\/\/www.frohsinn-ost.de\/index.php?rest_route=\/wp\/v2\/posts\/292675\/revisions"}],"predecessor-version":[{"id":292677,"href":"https:\/\/www.frohsinn-ost.de\/index.php?rest_route=\/wp\/v2\/posts\/292675\/revisions\/292677"}],"wp:featuredmedia":[{"embeddable":true,"href":"https:\/\/www.frohsinn-ost.de\/index.php?rest_route=\/wp\/v2\/media\/292676"}],"wp:attachment":[{"href":"https:\/\/www.frohsinn-ost.de\/index.php?rest_route=%2Fwp%2Fv2%2Fmedia&parent=292675"}],"wp:term":[{"taxonomy":"category","embeddable":true,"href":"https:\/\/www.frohsinn-ost.de\/index.php?rest_route=%2Fwp%2Fv2%2Fcategories&post=292675"},{"taxonomy":"post_tag","embeddable":true,"href":"https:\/\/www.frohsinn-ost.de\/index.php?rest_route=%2Fwp%2Fv2%2Ftags&post=292675"}],"curies":[{"name":"wp","href":"https:\/\/api.w.org\/{rel}","templated":true}]}}