{"id":292681,"date":"2024-11-03T10:15:42","date_gmt":"2024-11-03T09:15:42","guid":{"rendered":"https:\/\/www.frohsinn-ost.de\/?p=292681"},"modified":"2024-11-03T10:15:42","modified_gmt":"2024-11-03T09:15:42","slug":"jahreshauptversammlung-2024-und-plaene-fuer-2025","status":"publish","type":"post","link":"https:\/\/www.frohsinn-ost.de\/?p=292681","title":{"rendered":"Jahreshauptversammlung 2024 und Pl\u00e4ne f\u00fcr 2025"},"content":{"rendered":"<p>Greven \u2013 Am 2. November 2024 fand die Jahreshauptversammlung des Sch\u00fctzenvereins Frohsinn Greven Ost statt. Im Saal von Bertlings P\u00fctt herrschte rege Beteiligung, als der erste Vorsitzende Volker Havixbeck die Sitzung er\u00f6ffnete. Neben den Wahlen standen zahlreiche Berichte und zuk\u00fcnftige Festplanungen auf der Tagesordnung \u2013 mit einigen spannenden Neuigkeiten f\u00fcr das kommende Jahr.<\/p>\n<p><b>Erfolgreiche Wiederwahl des Vorstandsteams<\/b><\/p>\n<p>Im Rahmen der Wahlen wurden Volker Havixbeck als erster Vorsitzender und Britta K\u00f6tterjohann als erste Kassiererin in ihren \u00c4mtern best\u00e4tigt. Auch Jan Keller als zweiter Schriftf\u00fchrer, sowie die Beisitzer Anne Fraune und Sebastian Sutthoff, erhielten erneut das Vertrauen der Mitglieder. Als neue Kassenpr\u00fcfer wurden Julia Johannsmeier und Elisabeth Wentker gew\u00e4hlt.<\/p>\n<p>Beim milit\u00e4rischen Vorstand gab es einen Wechsel: Fahnentr\u00e4ger Matthias Bogus scheidet aus seinem Amt aus und wird von Mike Sch\u00e4permeier abgel\u00f6st. Die \u00fcbrigen Mitglieder des milit\u00e4rischen Vorstands bleiben in ihren \u00c4mtern unver\u00e4ndert.<\/p>\n<p><b>R\u00fcckblick auf ein erfolgreiches Jahr<\/b><\/p>\n<p>Neben den Wahlen wurden die Jahresberichte der verschiedenen Abteilungen vorgestellt, die das vergangene Jahr Revue passieren lie\u00dfen. Der Jugendausschuss berichtete begeistert von der erfolgreichen Halloween-Party, die Spielmannszug hob die hervorragende Zusammenarbeit mit den Musikvereinen Grevens hervor, und die Schie\u00dfgruppe blickte stolz auf ein erfolgreiches Jahr in der Stadtmeisterschaft zur\u00fcck. Die Ehrengarde betonte zudem die vielen Aktionen und ihren engagierten Einsatz rund um das Sch\u00fctzenfest. Nach dem Bericht der Kassenpr\u00fcfer wurde der Vorstand von den Mitgliedern einstimmig entlastet.<\/p>\n<p><b>Gro\u00dfe Pl\u00e4ne f\u00fcr das Jubil\u00e4um und Sch\u00fctzenfest 2025<\/b><\/p>\n<p>Ein besonderes Highlight im kommenden Jahr wird das 100-j\u00e4hrige Jubil\u00e4umsfest am 30. August 2025 sein. Gefeiert wird auf dem Hof Drunkem\u00fchle, gegen\u00fcber des Heidehofs. F\u00fcr dieses Ereignis ist ein Sternenmarsch geplant, der von drei verschiedenen Startpunkten aus beginnt und im Festzelt am Veranstaltungsort endet \u2013 ein H\u00f6hepunkt, der bereits jetzt gro\u00dfe Vorfreude bei den Mitgliedern und G\u00e4sten weckt.<\/p>\n<p>Auch das Sch\u00fctzenfest an Pfingsten 2025 steht unter einem festlichen Stern. Besonders die Barkenstra\u00dfe wird aufwendig geschm\u00fcckt werden &#8211;<span class=\"Apple-converted-space\">&nbsp; <\/span>bereits jetzt sind Absprachen mit Anwohnern getroffen worden, um das Stra\u00dfenbild festlich zu gestalten.<\/p>\n<p><b>Stimmungsvolle Verabschiedung<\/b><\/p>\n<p>Zum Abschluss wurde das traditionelle K\u00f6nigslied angestimmt, das alle Mitglieder gemeinsam sangen, bevor Volker Havixbeck die Sitzung offiziell beendete. Mit guten W\u00fcnschen f\u00fcr die bevorstehende Weihnachtszeit und das neue Jahr klang die Versammlung nach etwas \u00fcber zwei Stunden aus.<\/p>\n<p>Der Sch\u00fctzenverein Frohsinn Greven Ost freut sich auf ein ereignisreiches Jahr 2025 und l\u00e4dt alle herzlich ein, das Jubil\u00e4um im August sowie das Sch\u00fctzenfest im kommenden Jahr mit ihnen zu feiern.<\/p>\n<p>&nbsp;<\/p>\n<p><a href=\"https:\/\/www.frohsinn-ost.de\/wordpress\/wp-content\/uploads\/2024\/11\/IMG_2685.png\"><img loading=\"lazy\" decoding=\"async\" class=\"alignnone size-full wp-image-292682\" src=\"https:\/\/www.frohsinn-ost.de\/wordpress\/wp-content\/uploads\/2024\/11\/IMG_2685.png\" alt=\"\" width=\"1280\" height=\"721\" srcset=\"https:\/\/www.frohsinn-ost.de\/wordpress\/wp-content\/uploads\/2024\/11\/IMG_2685.png 1280w, https:\/\/www.frohsinn-ost.de\/wordpress\/wp-content\/uploads\/2024\/11\/IMG_2685-768x433.png 768w\" sizes=\"auto, (max-width: 1280px) 100vw, 1280px\" \/><\/a><\/p>\n","protected":false},"excerpt":{"rendered":"<p>Greven \u2013 Am 2. November 2024 fand die Jahreshauptversammlung des Sch\u00fctzenvereins Frohsinn Greven Ost statt. Im Saal von Bertlings P\u00fctt herrschte rege Beteiligung, als der erste Vorsitzende Volker Havixbeck die Sitzung er\u00f6ffnete. Neben den&#46;&#46;&#46;<\/p>\n","protected":false},"author":6,"featured_media":292682,"comment_status":"open","ping_status":"closed","sticky":false,"template":"","format":"standard","meta":{"ngg_post_thumbnail":0,"footnotes":""},"categories":[1],"tags":[33,25,24,3],"class_list":["post-292681","post","type-post","status-publish","format-standard","has-post-thumbnail","hentry","category-hauptartikel","tag-jubilaeum","tag-pfingsten","tag-schuetzenfest","tag-schutzenverein"],"_links":{"self":[{"href":"https:\/\/www.frohsinn-ost.de\/index.php?rest_route=\/wp\/v2\/posts\/292681","targetHints":{"allow":["GET"]}}],"collection":[{"href":"https:\/\/www.frohsinn-ost.de\/index.php?rest_route=\/wp\/v2\/posts"}],"about":[{"href":"https:\/\/www.frohsinn-ost.de\/index.php?rest_route=\/wp\/v2\/types\/post"}],"author":[{"embeddable":true,"href":"https:\/\/www.frohsinn-ost.de\/index.php?rest_route=\/wp\/v2\/users\/6"}],"replies":[{"embeddable":true,"href":"https:\/\/www.frohsinn-ost.de\/index.php?rest_route=%2Fwp%2Fv2%2Fcomments&post=292681"}],"version-history":[{"count":1,"href":"https:\/\/www.frohsinn-ost.de\/index.php?rest_route=\/wp\/v2\/posts\/292681\/revisions"}],"predecessor-version":[{"id":292683,"href":"https:\/\/www.frohsinn-ost.de\/index.php?rest_route=\/wp\/v2\/posts\/292681\/revisions\/292683"}],"wp:featuredmedia":[{"embeddable":true,"href":"https:\/\/www.frohsinn-ost.de\/index.php?rest_route=\/wp\/v2\/media\/292682"}],"wp:attachment":[{"href":"https:\/\/www.frohsinn-ost.de\/index.php?rest_route=%2Fwp%2Fv2%2Fmedia&parent=292681"}],"wp:term":[{"taxonomy":"category","embeddable":true,"href":"https:\/\/www.frohsinn-ost.de\/index.php?rest_route=%2Fwp%2Fv2%2Fcategories&post=292681"},{"taxonomy":"post_tag","embeddable":true,"href":"https:\/\/www.frohsinn-ost.de\/index.php?rest_route=%2Fwp%2Fv2%2Ftags&post=292681"}],"curies":[{"name":"wp","href":"https:\/\/api.w.org\/{rel}","templated":true}]}}