{"id":292707,"date":"2025-06-11T21:47:53","date_gmt":"2025-06-11T19:47:53","guid":{"rendered":"https:\/\/www.frohsinn-ost.de\/?p=292707"},"modified":"2025-06-11T22:14:20","modified_gmt":"2025-06-11T20:14:20","slug":"frohsinn-pur-trotz-regenschauer-das-schuetzenfest-2025-in-greven-ost-war-ein-voller-erfolg","status":"publish","type":"post","link":"https:\/\/www.frohsinn-ost.de\/?p=292707","title":{"rendered":"Frohsinn pur trotz Regenschauer \u2013 das Sch\u00fctzenfest 2025 in Greven-Ost war ein voller Erfolg!"},"content":{"rendered":"<div>Greven \u2013 Was war das wieder f\u00fcr ein Fest! Trotz durchwachsenem Wetter, kleiner Regenschauer und spontaner Zeitverschiebungen hat der Sch\u00fctzenverein Frohsinn Greven-Ost 1925 e.V. am vergangenen Wochenende ein Sch\u00fctzenfest auf die Beine gestellt, das sich sehen lassen kann. Ein H\u00f6hepunkt jagte den n\u00e4chsten \u2013 und am Ende standen sie fest: die neuen Majest\u00e4ten 2025!<\/div>\n<div>&nbsp;<\/div>\n<div>Los ging es traditionell am Freitagabend mit dem gemeinsamen Vogelbegutachten, bei dem die pr\u00e4chtigen Holzv\u00f6gel \u2013 mit viel Liebe zum Detail gefertigt \u2013 bestaunt wurden. Neu in diesem Jahr: Ein z\u00fcnftiger Bingoabend lockte viele Vereinsmitglieder ins Ballenlager und sorgte f\u00fcr heitere Stimmung und erste Preise.<\/div>\n<div>&nbsp;<\/div>\n<div>Am Samstag stand zun\u00e4chst der Nachwuchs im Mittelpunkt. Beim&nbsp;Kindersch\u00fctzenfest, das mit einem festlichen Umzug durch die von der Ehrengarde geschm\u00fcckte Barkenstra\u00dfe \u2013 unserer Vereins-Hauptstra\u00dfe \u2013 eingel\u00e4utet wurde, holten sich&nbsp;Benno Schwontek&nbsp;und&nbsp;Mia Thewes&nbsp;die Kinderkronen. Mit ihnen freuen sich der Kinderhofstaat:&nbsp;Marla Schwontek,&nbsp;Theo Havixbeck,&nbsp;Malina Schneider&nbsp;und&nbsp;Henry Keller. Zur Belohnung gab\u2019s f\u00fcr alle Kinder \u00dcberraschungst\u00fcten, Slush Ice, H\u00fcpfburgen \u2013 und ein Zauberer lie\u00df nicht nur die kleinen Augen leuchten.<\/div>\n<div>&nbsp;<\/div>\n<div>Am Nachmittag dann das Herzst\u00fcck des Festes: Das Vogelschie\u00dfen um die Titel des&nbsp;Junggesellenk\u00f6nigs,&nbsp;Sch\u00fctzenk\u00f6nigsund&nbsp;Kaisers. Begleitet vom&nbsp;Reckenfelder Blasorchester, das mit einem Platzkonzert f\u00fcr musikalische Untermalung sorgte, fielen die V\u00f6gel nacheinander.&nbsp;Henning Schlusche&nbsp;sicherte sich die Junggesellenw\u00fcrde,&nbsp;Pascal Suntrop&nbsp;schoss sich zur K\u00f6nigsw\u00fcrde und&nbsp;Volker Havixbeck&nbsp;setzte sich beim Kaiserschie\u00dfen durch \u2013 Spannende K\u00e4mpfe unter der Vogelstange, wie man ihn sich f\u00fcr ein Sch\u00fctzenfest im Jubil\u00e4umsjahr nur w\u00fcnschen kann. Der Abend klang in gem\u00fctlicher Runde am Ballenlager aus \u2013 trocken, trotz erneutem Regenschauer.<\/div>\n<div>&nbsp;<\/div>\n<div>Fr\u00fch ging\u2019s los am Sonntag mit dem traditionellen&nbsp;Wecken&nbsp;im Vereinsbezirk \u2013 die Nachbarschaft wurde stilecht mit Musik und guter Laune geweckt. Beim anschlie\u00dfenden Kirchgang sorgten erneut das Reckenfelder Blasorchester und eine beeindruckende Beteiligung aus dem Verein f\u00fcr G\u00e4nsehautmomente.<\/div>\n<div>Am Abend fanden zun\u00e4chst die Jubilarehrungen statt &#8211; u.a. wurden f\u00fcr 70 Jahre Mitgliedschaft Josef Lehmkuhl und f\u00fcr 65 Jahre Mitgliedschaft Walter Weller ausgezeichnet. Zus\u00e4tzlich gab es in diesem Jahr wieder die h\u00f6chste Auszeichnung im Verein: Der Orden f\u00fcr besondere Verdienste im Verein geht mehr als Verdient an Britta K\u00f6tterjohann. Danach bebte das Ballenlager beim K\u00f6nigs- und Kaiserball: Die Liveband my-coverband brachte mit einer energiegeladenen Show \u00fcber 300 G\u00e4ste zum Tanzen \u2013 Schlagerstrudel inklusive! Ein Ball, wie er im Buche steht \u2013 ausgelassen, bunt und voller Frohsinn.<\/div>\n<div>&nbsp;<\/div>\n<div>Der Montag brachte den&nbsp;gem\u00fctlichen Abschluss&nbsp;\u2013 mit dem legend\u00e4ren&nbsp;Bierk\u00f6nig- und Flattermann-Schie\u00dfen, bei dem sich&nbsp;Markus D\u00f6pker&nbsp;und&nbsp;Jens Klapp&nbsp;in die Siegerlisten eintrugen. Der Spielmannszug rundete das Fest mit einem gro\u00dfen Platzkonzert ab \u2013 so, wie es sich geh\u00f6rt. Ein Hoch auf alle Helfer, Musikgruppen, Schie\u00dfwarte, Planer und Spontan-Retter \u2013 jede Abteilung hat ihr Bestes gegeben, um dieses Fest zu einem unvergesslichen Erlebnis zu machen.<\/div>\n<div>\n<div>&nbsp;<\/div>\n<div>Und jetzt hei\u00dft es: Nach dem Fest ist vor dem Fest!<br \/>\nAm 30. August 2025&nbsp;feiern wir&nbsp;100 Jahre Frohsinn Greven-Ost&nbsp;\u2013 mit einem&nbsp;gro\u00dfen Jubil\u00e4umsfest auf der Festwiese am Heidehof. Freut euch auf einen&nbsp;Sternmarsch, ein gro\u00dfes&nbsp;Festzelt&nbsp;und einen&nbsp;unvergesslichen Jubil\u00e4umsball!&nbsp;Der Countdown l\u00e4uft \u2013 wir sehen uns am 30. August!<\/div>\n<div>&nbsp;<\/div>\n<div>Die neuen Regenten 2025 im \u00dcberblick:<\/div>\n<div>\n<p>Kaiserpaar 2025<\/p>\n<div>Volker Havixbeck&nbsp;&amp;&nbsp;Marion Havixbeck<br \/>\nmit&nbsp;Kathrin Havixbeck&nbsp;&amp;&nbsp;Simon Havixbeck,&nbsp;Sarah Schneider&nbsp;&amp;&nbsp;Thomas Ficker-Schneider<\/div>\n<div>&nbsp;<\/div>\n<div>K\u00f6nigspaar 2025<br \/>\nPascal Suntrop&nbsp;&amp;&nbsp;Nele Richter<br \/>\nmit&nbsp;Ronja Schulte&nbsp;&amp;&nbsp;Tobias Beinker,&nbsp;Lizzy Suntrop&nbsp;&amp;&nbsp;Henning Schlusche<\/div>\n<div>&nbsp;<\/div>\n<div>Junggesellenk\u00f6nig 2025<br \/>\nHenning Schlusche<\/div>\n<div>&nbsp;<\/div>\n<div>Kinderk\u00f6nigspaar 2025<br \/>\nBenno Schwontek&nbsp;&amp;&nbsp;Mia Thewes<br \/>\nmit&nbsp;Marla Schwontek,&nbsp;Theo Havixbeck,&nbsp;Malina Schneider,&nbsp;Henry Keller<\/div>\n<div>&nbsp;<\/div>\n<div>Bierk\u00f6nig:&nbsp;Markus D\u00f6pker<br \/>\nFlattermannk\u00f6nig:&nbsp;Jens Klapp<\/div>\n<\/div>\n<\/div>\n<div>&nbsp;<\/div>\n<div style=\"text-align: center;\">&nbsp;<\/div>\n<div><a href=\"https:\/\/www.frohsinn-ost.de\/wordpress\/wp-content\/uploads\/2025\/06\/ost_kaiserpaar_2025.png\"><img loading=\"lazy\" decoding=\"async\" class=\"wp-image-292708 alignleft\" src=\"https:\/\/www.frohsinn-ost.de\/wordpress\/wp-content\/uploads\/2025\/06\/ost_kaiserpaar_2025.png\" alt=\"\" width=\"400\" height=\"309\" srcset=\"https:\/\/www.frohsinn-ost.de\/wordpress\/wp-content\/uploads\/2025\/06\/ost_kaiserpaar_2025.png 1280w, https:\/\/www.frohsinn-ost.de\/wordpress\/wp-content\/uploads\/2025\/06\/ost_kaiserpaar_2025-768x594.png 768w\" sizes=\"auto, (max-width: 400px) 100vw, 400px\" \/><\/a><a href=\"https:\/\/www.frohsinn-ost.de\/wordpress\/wp-content\/uploads\/2025\/06\/ost_koenigspaar_2025.png\"><img loading=\"lazy\" decoding=\"async\" class=\"wp-image-292709 alignleft\" src=\"https:\/\/www.frohsinn-ost.de\/wordpress\/wp-content\/uploads\/2025\/06\/ost_koenigspaar_2025.png\" alt=\"\" width=\"400\" height=\"309\" srcset=\"https:\/\/www.frohsinn-ost.de\/wordpress\/wp-content\/uploads\/2025\/06\/ost_koenigspaar_2025.png 1280w, https:\/\/www.frohsinn-ost.de\/wordpress\/wp-content\/uploads\/2025\/06\/ost_koenigspaar_2025-768x594.png 768w\" sizes=\"auto, (max-width: 400px) 100vw, 400px\" \/><\/a><\/div>\n","protected":false},"excerpt":{"rendered":"<p>Greven \u2013 Was war das wieder f\u00fcr ein Fest! Trotz durchwachsenem Wetter, kleiner Regenschauer und spontaner Zeitverschiebungen hat der Sch\u00fctzenverein Frohsinn Greven-Ost 1925 e.V. am vergangenen Wochenende ein Sch\u00fctzenfest auf die Beine gestellt, das&#46;&#46;&#46;<\/p>\n","protected":false},"author":6,"featured_media":292716,"comment_status":"open","ping_status":"closed","sticky":false,"template":"","format":"standard","meta":{"ngg_post_thumbnail":0,"footnotes":""},"categories":[1],"tags":[34,35,32,24,3],"class_list":["post-292707","post","type-post","status-publish","format-standard","has-post-thumbnail","hentry","category-hauptartikel","tag-ball","tag-kaiser","tag-koenig","tag-schuetzenfest","tag-schutzenverein"],"_links":{"self":[{"href":"https:\/\/www.frohsinn-ost.de\/index.php?rest_route=\/wp\/v2\/posts\/292707","targetHints":{"allow":["GET"]}}],"collection":[{"href":"https:\/\/www.frohsinn-ost.de\/index.php?rest_route=\/wp\/v2\/posts"}],"about":[{"href":"https:\/\/www.frohsinn-ost.de\/index.php?rest_route=\/wp\/v2\/types\/post"}],"author":[{"embeddable":true,"href":"https:\/\/www.frohsinn-ost.de\/index.php?rest_route=\/wp\/v2\/users\/6"}],"replies":[{"embeddable":true,"href":"https:\/\/www.frohsinn-ost.de\/index.php?rest_route=%2Fwp%2Fv2%2Fcomments&post=292707"}],"version-history":[{"count":8,"href":"https:\/\/www.frohsinn-ost.de\/index.php?rest_route=\/wp\/v2\/posts\/292707\/revisions"}],"predecessor-version":[{"id":292719,"href":"https:\/\/www.frohsinn-ost.de\/index.php?rest_route=\/wp\/v2\/posts\/292707\/revisions\/292719"}],"wp:featuredmedia":[{"embeddable":true,"href":"https:\/\/www.frohsinn-ost.de\/index.php?rest_route=\/wp\/v2\/media\/292716"}],"wp:attachment":[{"href":"https:\/\/www.frohsinn-ost.de\/index.php?rest_route=%2Fwp%2Fv2%2Fmedia&parent=292707"}],"wp:term":[{"taxonomy":"category","embeddable":true,"href":"https:\/\/www.frohsinn-ost.de\/index.php?rest_route=%2Fwp%2Fv2%2Fcategories&post=292707"},{"taxonomy":"post_tag","embeddable":true,"href":"https:\/\/www.frohsinn-ost.de\/index.php?rest_route=%2Fwp%2Fv2%2Ftags&post=292707"}],"curies":[{"name":"wp","href":"https:\/\/api.w.org\/{rel}","templated":true}]}}