{"id":292725,"date":"2025-11-26T12:26:15","date_gmt":"2025-11-26T11:26:15","guid":{"rendered":"https:\/\/www.frohsinn-ost.de\/?p=292725"},"modified":"2025-11-26T12:26:15","modified_gmt":"2025-11-26T11:26:15","slug":"jahreshauptversammlung-wechsel-im-vorstand-dank-an-langjaehrige-vorstandsmitglieder","status":"publish","type":"post","link":"https:\/\/www.frohsinn-ost.de\/?p=292725","title":{"rendered":"Jahreshauptversammlung &#8211; Wechsel im Vorstand, Dank an langj\u00e4hrige Vorstandsmitglieder"},"content":{"rendered":"<div>Greven. Der Sch\u00fctzenverein Frohsinn Greven Ost hat am vergangenen Wochenende seine Jahreshauptversammlung abgehalten. Zahlreiche Mitglieder fanden den Weg ins Vereinslokal Bertlings P\u00fctt, um Berichte, Wahlen und wichtige Entscheidungen f\u00fcr die kommenden Jahre zu begleiten.<\/div>\n<div>Ein besonderer Moment war der Abschied von Volker Havixbeck, der nach acht Jahren sein Amt als erster Vorsitzender niederlegte. In seinem R\u00fcckblick w\u00fcrdigte er nicht nur das vergangene Jahr, sondern auch das erfolgreiche 100-j\u00e4hrige Jubil\u00e4umsfest im Sommer, das f\u00fcr den Verein ein H\u00f6hepunkt war. Zum Dank \u00fcberreichte ihm der Vorstand eine massive Metallplatte mit dem Vereinslogo, die in filigraner Handarbeit per Flex aufgebracht wurde \u2013 ein individuelles Symbol f\u00fcr sein Engagement und seinen Einsatz.<\/div>\n<div dir=\"ltr\">&nbsp;<\/div>\n<div>Die anschlie\u00dfenden Vorstandswahlen brachten deutliche Ver\u00e4nderungen:<\/div>\n<div>Thomas K\u00f6tterjohann wurde zum neuen ersten Vorsitzenden gew\u00e4hlt und folgt damit auf Volker Havixbeck.<\/div>\n<div>Markus Fraune legte sein Amt als erster Schriftf\u00fchrer nieder und bleibt dem Vorstand als Beisitzer erhalten. Neuer Schriftf\u00fchrer wurde Sebastian Sutthoff.<\/div>\n<div>Auch im erweiterten Vorstand gab es Ver\u00e4nderungen. Anne Fraune und Christian Hillenk\u00f6tter stellten ihre Posten zur Verf\u00fcgung. Neu in den Vorstand r\u00fcckten Steffen Denter, Solve Senghove sowie Markus D\u00f6pker, der den bisherigen Beisitzer Thomas K\u00f6tterjohann ersetzt.<\/div>\n<div dir=\"ltr\">&nbsp;<\/div>\n<div>Alle Positionen im milit\u00e4rischen Vorstand wurden durch die Versammlung best\u00e4tigt. Zudem w\u00e4hlte die Mitgliedschaft turnusgem\u00e4\u00df neue Kassenpr\u00fcfer.<\/div>\n<div dir=\"ltr\">&nbsp;<\/div>\n<div>Der Kassenbericht wurde vorgestellt und von den Mitgliedern positiv aufgenommen. Die Versammlung erteilte daraufhin dem gesamten Vorstand Einstimmigkeit zur Entlastung.<\/div>\n<div dir=\"ltr\">&nbsp;<\/div>\n<div>Unter dem Punkt \u201eVerschiedenes\u201c diskutierte die Versammlung \u00fcber anstehende Termine und m\u00f6gliche Ver\u00e4nderungen beim Sch\u00fctzenfest. Dabei stand insbesondere die \u00dcberlegung im Raum, das Fest k\u00fcnftig wieder h\u00e4ufiger auf einem Zelt zu feiern \u2013 eine Option, die in den kommenden Monaten weiter gepr\u00fcft werden soll.<\/div>\n<div>Mit einem Dank an alle Ehrenamtlichen und an die Mitglieder f\u00fcr ihr Engagement schloss der neue Vorsitzende Thomas K\u00f6tterjohann die Versammlung und blickte optimistisch auf das kommende Sch\u00fctzenjahr. Zum Abschluss ert\u00f6nte von allen Mitgliedern das K\u00f6nigslied f\u00fcr den amtierenden K\u00f6nig Pascal Suntrop.&nbsp;<\/div>\n<div>&nbsp;<\/div>\n<div><a href=\"https:\/\/www.frohsinn-ost.de\/wordpress\/wp-content\/uploads\/2025\/11\/4766ba87-3370-4a14-9d33-a632b993235d.jpeg\"><img loading=\"lazy\" decoding=\"async\" class=\"aligncenter size-thumbnail wp-image-292726\" src=\"https:\/\/www.frohsinn-ost.de\/wordpress\/wp-content\/uploads\/2025\/11\/4766ba87-3370-4a14-9d33-a632b993235d-1126x1500.jpeg\" alt=\"\" width=\"1126\" height=\"1500\"><\/a> <a href=\"https:\/\/www.frohsinn-ost.de\/wordpress\/wp-content\/uploads\/2025\/11\/98bb620c-61ec-4fe5-96d6-7940ab00c4e4.jpeg\"><img loading=\"lazy\" decoding=\"async\" class=\"aligncenter size-full wp-image-292727\" src=\"https:\/\/www.frohsinn-ost.de\/wordpress\/wp-content\/uploads\/2025\/11\/98bb620c-61ec-4fe5-96d6-7940ab00c4e4.jpeg\" alt=\"\" width=\"2000\" height=\"1126\" srcset=\"https:\/\/www.frohsinn-ost.de\/wordpress\/wp-content\/uploads\/2025\/11\/98bb620c-61ec-4fe5-96d6-7940ab00c4e4.jpeg 2000w, https:\/\/www.frohsinn-ost.de\/wordpress\/wp-content\/uploads\/2025\/11\/98bb620c-61ec-4fe5-96d6-7940ab00c4e4-768x432.jpeg 768w, https:\/\/www.frohsinn-ost.de\/wordpress\/wp-content\/uploads\/2025\/11\/98bb620c-61ec-4fe5-96d6-7940ab00c4e4-1536x865.jpeg 1536w\" sizes=\"auto, (max-width: 2000px) 100vw, 2000px\" \/><\/a><\/div>\n","protected":false},"excerpt":{"rendered":"<p>Greven. Der Sch\u00fctzenverein Frohsinn Greven Ost hat am vergangenen Wochenende seine Jahreshauptversammlung abgehalten. Zahlreiche Mitglieder fanden den Weg ins Vereinslokal Bertlings P\u00fctt, um Berichte, Wahlen und wichtige Entscheidungen f\u00fcr die kommenden Jahre zu begleiten.&#46;&#46;&#46;<\/p>\n","protected":false},"author":6,"featured_media":292727,"comment_status":"open","ping_status":"closed","sticky":false,"template":"","format":"image","meta":{"ngg_post_thumbnail":0,"footnotes":""},"categories":[1,8],"tags":[],"class_list":["post-292725","post","type-post","status-publish","format-image","has-post-thumbnail","hentry","category-hauptartikel","category-jugendausschuss","post_format-post-format-image"],"_links":{"self":[{"href":"https:\/\/www.frohsinn-ost.de\/index.php?rest_route=\/wp\/v2\/posts\/292725","targetHints":{"allow":["GET"]}}],"collection":[{"href":"https:\/\/www.frohsinn-ost.de\/index.php?rest_route=\/wp\/v2\/posts"}],"about":[{"href":"https:\/\/www.frohsinn-ost.de\/index.php?rest_route=\/wp\/v2\/types\/post"}],"author":[{"embeddable":true,"href":"https:\/\/www.frohsinn-ost.de\/index.php?rest_route=\/wp\/v2\/users\/6"}],"replies":[{"embeddable":true,"href":"https:\/\/www.frohsinn-ost.de\/index.php?rest_route=%2Fwp%2Fv2%2Fcomments&post=292725"}],"version-history":[{"count":2,"href":"https:\/\/www.frohsinn-ost.de\/index.php?rest_route=\/wp\/v2\/posts\/292725\/revisions"}],"predecessor-version":[{"id":292729,"href":"https:\/\/www.frohsinn-ost.de\/index.php?rest_route=\/wp\/v2\/posts\/292725\/revisions\/292729"}],"wp:featuredmedia":[{"embeddable":true,"href":"https:\/\/www.frohsinn-ost.de\/index.php?rest_route=\/wp\/v2\/media\/292727"}],"wp:attachment":[{"href":"https:\/\/www.frohsinn-ost.de\/index.php?rest_route=%2Fwp%2Fv2%2Fmedia&parent=292725"}],"wp:term":[{"taxonomy":"category","embeddable":true,"href":"https:\/\/www.frohsinn-ost.de\/index.php?rest_route=%2Fwp%2Fv2%2Fcategories&post=292725"},{"taxonomy":"post_tag","embeddable":true,"href":"https:\/\/www.frohsinn-ost.de\/index.php?rest_route=%2Fwp%2Fv2%2Ftags&post=292725"}],"curies":[{"name":"wp","href":"https:\/\/api.w.org\/{rel}","templated":true}]}}