{"id":66,"date":"2014-01-24T21:17:57","date_gmt":"2014-01-24T20:17:57","guid":{"rendered":"http:\/\/frohsinn-ost.de\/wordpress\/?p=66"},"modified":"2014-01-24T21:46:02","modified_gmt":"2014-01-24T20:46:02","slug":"altere-neuigkeiten","status":"publish","type":"post","link":"https:\/\/www.frohsinn-ost.de\/?p=66","title":{"rendered":"\u00e4ltere Beitr\u00e4ge"},"content":{"rendered":"<p>&nbsp;<\/p>\n<table width=\"599\" border=\"0\" cellspacing=\"0\" cellpadding=\"0\" bgcolor=\"white\">\n<tbody>\n<tr>\n<td height=\"10\"><\/td>\n<td height=\"10\">\n<div align=\"center\"><span style=\"font-family: Arial, Helvetica, sans-serif; font-size: xx-small;\">29.11.2013<\/span><\/div>\n<\/td>\n<td height=\"10\"><a href=\"http:\/\/frohsinn-ost.de\/pages\/skat14.html\" target=\"main\"><span style=\"font-family: Arial, Helvetica, sans-serif;\">Infos zu den Doko- und Skatturnieren<\/span><\/a><\/td>\n<\/tr>\n<tr>\n<td height=\"10\"><\/td>\n<td height=\"10\">\n<div align=\"center\"><span style=\"font-family: Arial, Helvetica, sans-serif; font-size: xx-small;\">14.11.2013<\/span><\/div>\n<\/td>\n<td height=\"10\"><a href=\"http:\/\/frohsinn-ost.de\/pages\/niko13.html\" target=\"main\"><span style=\"font-family: Arial, Helvetica, sans-serif;\">der Nikolaus macht wieder Hausbesuche<\/span><\/a><\/td>\n<\/tr>\n<tr>\n<td height=\"10\"><\/td>\n<td height=\"10\">\n<div align=\"center\"><span style=\"font-family: Arial, Helvetica, sans-serif; font-size: xx-small;\">10.11.2013<\/span><\/div>\n<\/td>\n<td height=\"10\"><span style=\"font-family: Arial, Helvetica, sans-serif;\"><a href=\"http:\/\/frohsinn-ost.de\/fotogallerien\/cpg136\/index.php?cat=25\" target=\"main\">Bericht von der Jahreshauptversammlung<\/a><\/span><\/td>\n<\/tr>\n<tr>\n<td height=\"10\"><\/td>\n<td height=\"10\">\n<div align=\"center\"><span style=\"font-family: Arial, Helvetica, sans-serif; font-size: xx-small;\">05.11.2013<\/span><\/div>\n<\/td>\n<td height=\"10\"><a href=\"http:\/\/frohsinn-ost.de\/fotogallerien\/cpg136\/index.php?cat=25\" target=\"main\"><span style=\"font-family: Arial, Helvetica, sans-serif;\">Bilder und Bericht vom Halloween-Aktionstag<\/span><\/a><\/td>\n<\/tr>\n<tr>\n<td height=\"10\"><\/td>\n<td height=\"10\">\n<div align=\"center\"><span style=\"font-size: xx-small;\">22.10.2013<\/span><\/div>\n<\/td>\n<td height=\"10\"><span style=\"font-family: Arial, Helvetica, sans-serif;\"><a href=\"http:\/\/frohsinn-ost.de\/fotogallerien\/cpg136\/index.php\" target=\"main\">Bilder und Ergebnisse vom internen Doko-Turnier<\/a><\/span><\/td>\n<\/tr>\n<tr>\n<td height=\"10\"><\/td>\n<td height=\"10\">\n<div align=\"center\"><span style=\"font-size: xx-small;\">14.10.2013<\/span><\/div>\n<\/td>\n<td height=\"10\"><span style=\"font-family: Arial, Helvetica, sans-serif;\"><a href=\"http:\/\/frohsinn-ost.de\/fotogallerien\/cpg136\/index.php\" target=\"main\">Bilder und Bericht vom Oktoberfest<\/a><\/span><\/td>\n<\/tr>\n<tr>\n<td height=\"10\"><\/td>\n<td height=\"10\">\n<div align=\"center\"><span style=\"font-family: Arial, Helvetica, sans-serif; font-size: xx-small;\">01.07.2013<\/span><\/div>\n<\/td>\n<td height=\"10\"><a href=\"http:\/\/frohsinn-ost.de\/fotogallerien\/cpg136\/index.php\" target=\"main\"><span style=\"font-family: Arial, Helvetica, sans-serif;\">Bericht vom K\u00f6nigstreffen<\/span><\/a><\/td>\n<\/tr>\n<tr>\n<td height=\"10\"><\/td>\n<td width=\"80\" height=\"10\">\n<div align=\"center\"><span style=\"font-size: xx-small;\">23.05.2013<\/span><\/div>\n<\/td>\n<td width=\"509\" height=\"10\"><span style=\"font-family: Arial, Helvetica, sans-serif;\"><a href=\"http:\/\/www.frohsinn-ost.de\/fotogallerien\/cpg136\/index.php?cat=26\" target=\"main\">Bilder vom Sch\u00fctzenfest in der Galerie<\/a><\/span><\/td>\n<\/tr>\n<tr>\n<td height=\"10\"><\/td>\n<td height=\"10\">\n<div align=\"center\"><span style=\"font-family: Arial, Helvetica, Geneva, Swiss, SunSans-Regular; font-size: xx-small;\">09.05.2013<\/span><\/div>\n<\/td>\n<td height=\"10\"><span style=\"font-family: Arial, Helvetica, Geneva, Swiss, SunSans-Regular;\"><a href=\"http:\/\/www.frohsinn-ost.de\/fotogallerien\/cpg136\/index.php?cat=26\" target=\"main\">Ergebnisse vom Medaillenschiessen<\/a><\/span><\/td>\n<\/tr>\n<tr>\n<td height=\"10\"><\/td>\n<td height=\"10\">\n<div align=\"center\"><span style=\"font-family: Arial, Helvetica, sans-serif; font-size: xx-small;\">17.06.2013<\/span><\/div>\n<\/td>\n<td height=\"10\"><a href=\"http:\/\/frohsinn-ost.de\/pages\/sf13.html\" target=\"main\"><span style=\"font-family: Arial, Helvetica, sans-serif;\">Einladung zum Sch\u00fctzenfest<\/span><\/a><\/td>\n<\/tr>\n<tr>\n<td height=\"10\"><span style=\"font-family: Arial, Helvetica, sans-serif;\">\u00a0<\/span><\/td>\n<td height=\"10\">\n<div align=\"center\"><span style=\"font-family: Arial, Helvetica, sans-serif; font-size: xx-small;\">16.04.2013<\/span><\/div>\n<\/td>\n<td height=\"10\"><a href=\"http:\/\/frohsinn-ost.de\/pages\/kischue13.htm\" target=\"main\"><span style=\"font-family: Arial, Helvetica, sans-serif;\">Einladung zum Kindersch\u00fctzenfest<\/span><\/a><\/td>\n<\/tr>\n<tr>\n<td height=\"10\"><\/td>\n<td height=\"10\">\n<div align=\"center\"><span style=\"font-family: Arial, Helvetica, Geneva, Swiss, SunSans-Regular; font-size: xx-small;\">\u00a023.03.2013<\/span><\/div>\n<\/td>\n<td height=\"10\"><span style=\"font-family: Arial, Helvetica, Geneva, Swiss, SunSans-Regular;\"><a href=\"http:\/\/frohsinn-ost.de\/pages\/skat%202013.html\" target=\"main\">Ergebnisse vom Skatturnier<\/a><\/span><\/td>\n<\/tr>\n<tr>\n<td height=\"10\"><\/td>\n<td height=\"10\">\n<div align=\"center\"><span style=\"font-family: Arial, Helvetica, Geneva, Swiss, SunSans-Regular; font-size: xx-small;\">16.03.2013<\/span><\/div>\n<\/td>\n<td height=\"10\"><span style=\"font-family: Arial, Helvetica, Geneva, Swiss, SunSans-Regular;\"><a href=\"http:\/\/frohsinn-ost.de\/pages\/doko13.html\" target=\"main\">Ergebnisse und Bilder vom Doppelkopfturnier<\/a><\/span><\/td>\n<\/tr>\n<tr>\n<td height=\"10\"><\/td>\n<td height=\"10\">\n<div align=\"center\"><span style=\"font-family: Arial, Helvetica, sans-serif; font-size: xx-small;\">13.02.2013<\/span><\/div>\n<\/td>\n<td height=\"10\"><a href=\"http:\/\/www.frohsinn-ost.de\/fotogallerien\/cpg136\/index.php?cat=25\" target=\"main\"><span style=\"font-family: Arial, Helvetica, sans-serif;\">Bilder vom Stra\u00dfenkarneval<\/span><\/a><\/td>\n<\/tr>\n<tr>\n<td height=\"10\"><\/td>\n<td height=\"10\">\n<div align=\"center\"><span style=\"font-family: Arial, Helvetica, Geneva, Swiss, SunSans-Regular; font-size: xx-small;\">27.01.2013<\/span><\/div>\n<\/td>\n<td height=\"10\"><span style=\"font-family: Arial, Helvetica, Geneva, Swiss, SunSans-Regular;\"><a href=\"http:\/\/www.frohsinn-ost.de\/fotogallerien\/cpg136\/index.php?cat=25\" target=\"main\">Bilder vom Vereinskarneval<\/a><\/span><\/td>\n<\/tr>\n<tr>\n<td height=\"10\"><\/td>\n<td height=\"10\">\n<div align=\"center\"><span style=\"font-family: Arial, Helvetica, sans-serif; font-size: xx-small;\">26.11.2012<\/span><\/div>\n<\/td>\n<td height=\"10\"><span style=\"font-family: Arial, Helvetica, sans-serif;\"><a href=\"http:\/\/www.frohsinn-ost.de\/fotogallerien\/cpg136\/index.php?cat=23\" target=\"main\">Bilder von der Weihnachtsb\u00e4ckerei<\/a><\/span><\/td>\n<\/tr>\n<tr>\n<td height=\"10\"><\/td>\n<td height=\"10\">\n<div align=\"center\"><span style=\"font-family: Arial, Helvetica, sans-serif; font-size: xx-small;\">26.11.2012<\/span><\/div>\n<\/td>\n<td height=\"10\"><span style=\"font-family: Arial, Helvetica, sans-serif;\"><a href=\"http:\/\/www.frohsinn-ost.de\/fotogallerien\/cpg136\/index.php?cat=23\" target=\"main\">Bilder vom grossen Zapfenstreich<\/a><\/span><\/td>\n<\/tr>\n<tr>\n<td height=\"10\"><\/td>\n<td height=\"10\">\n<div align=\"center\"><span style=\"font-family: Arial, Helvetica, sans-serif; font-size: xx-small;\">17.11.2012<\/span><\/div>\n<\/td>\n<td height=\"10\"><a href=\"http:\/\/frohsinn-ost.de\/pages\/jhvber12_2.html\" target=\"main\"><span style=\"font-family: Arial, Helvetica, sans-serif;\">Bericht von der Jahreshauptversammlung<\/span><\/a><\/td>\n<\/tr>\n<tr>\n<td height=\"10\"><\/td>\n<td height=\"10\">\n<div align=\"center\"><span style=\"font-family: Arial, Helvetica, sans-serif; font-size: xx-small;\">16.11.2012<\/span><\/div>\n<\/td>\n<td height=\"10\"><a href=\"http:\/\/frohsinn-ost.de\/pages\/baecker12.html\" target=\"main\"><span style=\"font-family: Arial, Helvetica, sans-serif;\">Einladung zur Weihnachtsb\u00e4ckerei<\/span><\/a><\/td>\n<\/tr>\n<tr>\n<td height=\"10\"><\/td>\n<td height=\"10\">\n<div align=\"center\"><span style=\"font-family: Arial, Helvetica, sans-serif; font-size: xx-small;\">16.11.2012<\/span><\/div>\n<\/td>\n<td height=\"10\"><a href=\"http:\/\/frohsinn-ost.de\/pages\/niko12.html\" target=\"main\"><span style=\"font-family: Arial, Helvetica, sans-serif;\">der Nikolaus macht wieder Hausbesuche!!!<\/span><\/a><\/td>\n<\/tr>\n<tr>\n<td height=\"10\"><\/td>\n<td height=\"10\">\n<div align=\"center\"><span style=\"font-family: Arial, Helvetica, sans-serif; font-size: xx-small;\">08.11.2012<\/span><\/div>\n<\/td>\n<td height=\"10\"><span style=\"font-family: Arial, Helvetica, sans-serif;\"><a href=\"http:\/\/www.frohsinn-ost.de\/fotogallerien\/cpg136\/thumbnails.php?album=145\" target=\"main\">Fotos vom Oktoberfest<\/a><\/span><\/td>\n<\/tr>\n<tr>\n<td height=\"10\"><\/td>\n<td height=\"10\">\n<div align=\"center\"><span style=\"font-size: xx-small;\">\u00a001.11.2012<\/span><\/div>\n<\/td>\n<td height=\"10\"><a href=\"http:\/\/www.frohsinn-ost.de\/fotogallerien\/cpg136\/index.php?cat=23\" target=\"main\"><span style=\"font-family: Arial, Helvetica, Geneva, Swiss, SunSans-Regular;\">Bericht und Fotos vom Halloween-Aktionstag<\/span><\/a><\/td>\n<\/tr>\n<tr>\n<td height=\"10\"><\/td>\n<td height=\"10\">\n<div align=\"center\"><span style=\"font-family: Arial, Helvetica, sans-serif; font-size: xx-small;\">22.10.2012<\/span><\/div>\n<\/td>\n<td height=\"10\"><a href=\"http:\/\/www.frohsinn-ost.de\/fotogallerien\/cpg136\/index.php?cat=23\" target=\"main\"><span style=\"font-family: Arial, Helvetica, sans-serif;\">Ergebnisse vom internen Doppelkopfturnier<\/span><\/a><\/td>\n<\/tr>\n<tr>\n<td height=\"10\"><\/td>\n<td height=\"10\">\n<div align=\"center\"><span style=\"font-size: xx-small;\">17.09.2012<\/span><\/div>\n<\/td>\n<td height=\"10\"><span style=\"font-family: Arial, Helvetica, sans-serif;\"><a href=\"http:\/\/frohsinn-ost.de\/pages\/ofest12.html\" target=\"main\">Einladung zum Oktoberfest<\/a><\/span><\/td>\n<\/tr>\n<tr>\n<td height=\"10\"><\/td>\n<td height=\"10\">\n<div align=\"center\"><span style=\"font-size: xx-small;\">17.09.2012<\/span><\/div>\n<\/td>\n<td height=\"10\"><a href=\"http:\/\/frohsinn-ost.de\/pages\/dokoint12.html\" target=\"main\"><span style=\"font-family: Arial, Helvetica, sans-serif;\">Einladung zum internen Doppelkopfturnier<\/span><\/a><\/td>\n<\/tr>\n<tr>\n<td height=\"10\"><\/td>\n<td height=\"10\">\n<div align=\"center\"><span style=\"font-size: xx-small;\">31.05.2012<\/span><\/div>\n<\/td>\n<td height=\"10\"><a href=\"http:\/\/www.frohsinn-ost.de\/fotogallerien\/cpg136\/index.php?cat=24\" target=\"main\"><span style=\"font-family: Arial, Helvetica, sans-serif;\">viele sch\u00f6ne neue Bilder vom Sch\u00fctzenfest 2012!!!<\/span><\/a><\/td>\n<\/tr>\n<tr>\n<td height=\"10\"><\/td>\n<td height=\"10\">\n<div align=\"center\"><span style=\"font-size: xx-small;\">19.05.2012<\/span><\/div>\n<\/td>\n<td height=\"10\"><span style=\"font-family: Arial, Helvetica, Geneva, Swiss, SunSans-Regular;\"><a href=\"http:\/\/www.frohsinn-ost.de\/fotogallerien\/cpg136\/index.php?cat=24\" target=\"main\">Ergebnisse vom Sch\u00fctzenfest (laufend aktualisiert)<\/a><\/span><\/td>\n<\/tr>\n<tr>\n<td height=\"10\"><span style=\"font-family: Arial, Helvetica, sans-serif;\">\u00a0<\/span><\/td>\n<td height=\"10\">\n<div align=\"center\"><span style=\"font-family: Arial, Helvetica, sans-serif; font-size: xx-small;\">09.05.2012<\/span><\/div>\n<\/td>\n<td height=\"10\"><a href=\"http:\/\/frohsinn-ost.de\/pages\/sf12.html\" target=\"main\"><span style=\"font-family: Arial, Helvetica, sans-serif;\">Enladung zum Sch\u00fctzenfest 2012<\/span><\/a><\/td>\n<\/tr>\n<tr>\n<td height=\"10\"><\/td>\n<td height=\"10\">\n<div align=\"center\"><span style=\"font-size: xx-small;\">31.03.2012<\/span><\/div>\n<\/td>\n<td height=\"10\"><a href=\"http:\/\/www.frohsinn-ost.de\/fotogallerien\/cpg136\/index.php?cat=23\" target=\"main\"><span style=\"font-family: Arial, Helvetica, sans-serif;\">Bericht vom Seniorennachmittag<\/span><\/a><\/td>\n<\/tr>\n<tr>\n<td height=\"10\"><\/td>\n<td height=\"10\">\n<div align=\"center\"><span style=\"font-size: xx-small;\">26.03.2012<\/span><\/div>\n<\/td>\n<td height=\"10\"><span style=\"font-family: Arial, Helvetica, sans-serif;\"><a href=\"http:\/\/www.frohsinn-ost.de\/fotogallerien\/cpg136\/thumbnails.php?album=135\" target=\"main\">Bilder vom Doppelkopfturnier<\/a><\/span><\/td>\n<\/tr>\n<tr>\n<td height=\"10\"><\/td>\n<td height=\"10\">\n<div align=\"center\"><span style=\"font-size: xx-small;\">26.03.2012<\/span><\/div>\n<\/td>\n<td height=\"10\"><span style=\"font-family: Arial, Helvetica, Geneva, Swiss, SunSans-Regular;\"><a href=\"http:\/\/frohsinn-ost.de\/pages\/skat2012.html\" target=\"main\">Ergebnisse vom\u00a0Skatturnier<\/a><\/span><\/td>\n<\/tr>\n<tr>\n<td height=\"10\"><\/td>\n<td height=\"10\">\n<div align=\"center\"><span style=\"font-size: xx-small;\">17.03.2012<\/span><\/div>\n<\/td>\n<td height=\"10\"><span style=\"font-family: Arial, Helvetica, Geneva, Swiss, SunSans-Regular;\"><a href=\"http:\/\/frohsinn-ost.de\/pages\/doko12.html\" target=\"main\">Ergebnisse vom\u00a0Doppelkopfturnier<\/a><\/span><\/td>\n<\/tr>\n<tr>\n<td height=\"10\"><\/td>\n<td height=\"10\">\n<div align=\"center\"><span style=\"font-size: xx-small;\">01.01.2012<\/span><\/div>\n<\/td>\n<td height=\"10\"><a href=\"http:\/\/frohsinn-ost.de\/pages\/jhv12.html\" target=\"main\"><span style=\"font-family: Arial, Helvetica, Geneva, Swiss, SunSans-Regular;\">Einladung zur Jahreshauptversammlung<\/span><\/a><\/td>\n<\/tr>\n<tr>\n<td height=\"10\"><span style=\"font-family: 'Times New Roman', Times, serif;\">\u00a0<\/span><\/td>\n<td height=\"10\">\n<div align=\"center\"><span style=\"font-family: 'Times New Roman', Times, serif; font-size: xx-small;\">14.12.2011<\/span><\/div>\n<\/td>\n<td height=\"10\"><span style=\"font-family: Arial, Helvetica, sans-serif;\"><a href=\"http:\/\/bilder.frohsinn-ost.de\/\" target=\"main\">Bericht von der Weihnachtsb\u00e4ckerei<\/a><\/span><\/td>\n<\/tr>\n<tr>\n<td height=\"10\"><\/td>\n<td height=\"10\">\n<div align=\"center\"><span style=\"font-size: xx-small;\">06.12.2011<\/span><\/div>\n<\/td>\n<td height=\"10\"><span style=\"font-family: Arial, Helvetica, sans-serif;\"><a href=\"http:\/\/www.frohsinn-ost.de\/fotogallerien\/cpg136\/index.php?cat=21\" target=\"main\">Bilder vom Nikolausbesuch<\/a><\/span><\/td>\n<\/tr>\n<tr>\n<td height=\"10\"><\/td>\n<td height=\"10\">\n<div align=\"center\"><span style=\"font-family: Arial, Helvetica, sans-serif; font-size: xx-small;\">15.11.2011<\/span><\/div>\n<\/td>\n<td height=\"10\"><span style=\"font-family: Arial, Helvetica, sans-serif;\"><a href=\"http:\/\/frohsinn-ost.de\/pages\/baecker11.html\" target=\"main\">Einladung zur Weihnachtsb\u00e4ckerei<\/a><\/span><\/td>\n<\/tr>\n<tr>\n<td height=\"10\"><\/td>\n<td height=\"10\">\n<div align=\"center\"><span style=\"font-family: Arial, Helvetica, sans-serif; font-size: xx-small;\">15.11.2011<\/span><\/div>\n<\/td>\n<td height=\"10\"><span style=\"font-family: Arial, Helvetica, sans-serif;\"><a href=\"http:\/\/frohsinn-ost.de\/pages\/niko11.html\" target=\"main\">der Nikolaus macht wieder Hausbesuche<\/a><\/span><\/td>\n<\/tr>\n<tr>\n<td height=\"10\"><\/td>\n<td height=\"10\">\n<div align=\"center\"><span style=\"font-family: Arial, Helvetica, sans-serif; font-size: xx-small;\">02.11.2011<\/span><\/div>\n<\/td>\n<td height=\"10\"><a href=\"http:\/\/bilder.frohsinn-ost.de\/\" target=\"main\"><span style=\"font-family: Arial, Helvetica, sans-serif;\">Bilder vom 1. Halloween-Aktionstag<\/span><\/a><\/td>\n<\/tr>\n<tr>\n<td height=\"10\"><\/td>\n<td height=\"10\">\n<div align=\"center\"><span style=\"font-family: Arial, Helvetica, sans-serif; font-size: xx-small;\">17.10.2011<\/span><\/div>\n<\/td>\n<td height=\"10\"><a href=\"http:\/\/www.frohsinn-ost.de\/fotogallerien\/cpg136\/index.php?cat=21\" target=\"main\"><span style=\"font-family: Arial, Helvetica, sans-serif;\">Ergebnisse vom internen Doppelkopfturnier 15.10.2011<\/span><\/a><\/td>\n<\/tr>\n<tr>\n<td height=\"10\"><\/td>\n<td height=\"10\">\n<div align=\"center\"><span style=\"font-family: Arial, Helvetica, sans-serif; font-size: xx-small;\">17.10.2011<\/span><\/div>\n<\/td>\n<td height=\"10\"><a href=\"http:\/\/www.frohsinn-ost.de\/fotogallerien\/cpg136\/thumbnails.php?album=129\" target=\"main\"><span style=\"font-family: Arial, Helvetica, sans-serif;\">Bilder vom Oktoberfest am 08.10.2011<\/span><\/a><\/td>\n<\/tr>\n<tr>\n<td height=\"10\"><\/td>\n<td height=\"10\">\n<div align=\"center\"><span style=\"font-family: Arial, Helvetica, sans-serif; font-size: xx-small;\">30.09.2011<\/span><\/div>\n<\/td>\n<td height=\"10\"><a href=\"http:\/\/frohsinn-ost.de\/pages\/halloween.html\" target=\"main\"><span style=\"color: #000000; font-family: Arial, Helvetica, sans-serif;\">Einladung zur ersten Halloween-Party!!!<\/span><\/a><\/td>\n<\/tr>\n<tr>\n<td height=\"10\"><span style=\"font-family: Arial, Helvetica, sans-serif;\">\u00a0<\/span><\/td>\n<td height=\"10\">\n<div align=\"center\"><span style=\"font-family: Arial, Helvetica, sans-serif; font-size: xx-small;\">16.09.2011<\/span><\/div>\n<\/td>\n<td height=\"10\"><a href=\"http:\/\/frohsinn-ost.de\/pages\/ofest11.html\" target=\"main\"><span style=\"font-family: Arial, Helvetica, sans-serif;\">Einladung zum Oktoberfest 2011<\/span><\/a><\/td>\n<\/tr>\n<tr>\n<td height=\"10\"><span style=\"font-family: Arial, Helvetica, sans-serif;\">\u00a0<\/span><\/td>\n<td height=\"10\">\n<div align=\"center\"><span style=\"font-family: Arial, Helvetica, sans-serif; font-size: xx-small;\">16.09.2011<\/span><\/div>\n<\/td>\n<td height=\"10\"><a href=\"http:\/\/frohsinn-ost.de\/pages\/dokoint11.html\" target=\"main\"><span style=\"font-family: Arial, Helvetica, sans-serif;\">Einladung zum internen Doppelkopfturnier 2011<\/span><\/a><\/td>\n<\/tr>\n<tr>\n<td height=\"10\"><\/td>\n<td height=\"10\">\n<div align=\"center\"><span style=\"font-family: Arial, Helvetica, sans-serif; font-size: xx-small;\">17.06.2011<\/span><\/div>\n<\/td>\n<td height=\"10\"><a href=\"http:\/\/www.frohsinn-ost.de\/fotogallerien\/cpg136\/index.php?cat=22\" target=\"main\"><span style=\"font-family: Arial, Helvetica, sans-serif;\">Bilder vom Sch\u00fctzenfest 2011<\/span><\/a><\/td>\n<\/tr>\n<tr>\n<td height=\"10\"><\/td>\n<td height=\"10\">\n<div align=\"center\"><span style=\"font-size: xx-small;\">13.06.2011<\/span><\/div>\n<\/td>\n<td height=\"10\"><span style=\"font-family: Arial, Helvetica, sans-serif;\"><a href=\"http:\/\/frohsinn-ost.de\/pages\/sf2011after.html\" target=\"main\">Ergebnisse vom Sch\u00fctzenfest<\/a><\/span><\/td>\n<\/tr>\n<tr>\n<td height=\"10\"><\/td>\n<td height=\"10\">\n<div align=\"center\"><span style=\"color: #000000; font-family: Arial, Helvetica, sans-serif; font-size: xx-small;\">24.05.2011<\/span><\/div>\n<\/td>\n<td height=\"10\"><a href=\"http:\/\/frohsinn-ost.de\/pages\/sf11.html\" target=\"main\"><span style=\"color: #000000; font-family: Arial, Helvetica, sans-serif;\">Einladung zum Sch\u00fctzenfest 2011<\/span><\/a><\/td>\n<\/tr>\n<tr>\n<td height=\"10\"><\/td>\n<td width=\"80\" height=\"10\">\n<div align=\"center\"><span style=\"font-family: Arial, Helvetica, Geneva, Swiss, SunSans-Regular; font-size: xx-small;\">01.05.2011<\/span><\/div>\n<\/td>\n<td width=\"509\" height=\"10\"><span style=\"font-family: Arial, Helvetica, Geneva, Swiss, SunSans-Regular;\"><a href=\"http:\/\/www.frohsinn-ost.de\/fotogallerien\/cpg136\/index.php?cat=21\" target=\"main\">Fotos vom Besuch der Privatbrauerei Iserlohn<\/a><\/span><\/td>\n<\/tr>\n<tr>\n<td height=\"10\"><span style=\"font-family: Arial, Helvetica, sans-serif;\">\u00a0<\/span><\/td>\n<td height=\"10\">\n<div align=\"center\"><span style=\"font-family: Arial, Helvetica, sans-serif; font-size: xx-small;\">30.03.2011<\/span><\/div>\n<\/td>\n<td height=\"10\"><a href=\"http:\/\/www.frohsinn-ost.de\/fotogallerien\/cpg136\/thumbnails.php?album=119\" target=\"main\"><span style=\"font-family: Arial, Helvetica, sans-serif;\">Fotos vom Skatturnier<\/span><\/a><\/td>\n<\/tr>\n<tr>\n<td height=\"10\"><span style=\"font-family: Arial, Helvetica, sans-serif;\">\u00a0<\/span><\/td>\n<td height=\"10\">\n<div align=\"center\"><span style=\"font-family: Arial, Helvetica, sans-serif; font-size: xx-small;\">28.03.2011<\/span><\/div>\n<\/td>\n<td height=\"10\"><span style=\"font-family: Arial, Helvetica, sans-serif;\"><a href=\"http:\/\/frohsinn-ost.de\/pages\/skat2011.html\" target=\"main\">Ergebnisse vom Skatturnier<\/a><\/span><\/td>\n<\/tr>\n<tr>\n<td height=\"10\"><\/td>\n<td height=\"10\">\n<div align=\"center\"><span style=\"font-family: Arial, Helvetica, sans-serif; font-size: xx-small;\">23.03.2011<\/span><\/div>\n<\/td>\n<td height=\"10\"><a href=\"http:\/\/www.frohsinn-ost.de\/fotogallerien\/cpg136\/thumbnails.php?album=118\" target=\"main\"><span style=\"font-family: Arial, Helvetica, sans-serif;\">Fotos vom Doppelkopfturnier<\/span><\/a><\/td>\n<\/tr>\n<tr>\n<td height=\"10\"><\/td>\n<td height=\"10\">\n<div align=\"center\"><span style=\"font-family: Arial, Helvetica, sans-serif; font-size: xx-small;\">21.03.2011<\/span><\/div>\n<\/td>\n<td height=\"10\"><a href=\"http:\/\/frohsinn-ost.de\/pages\/doko11.html\" target=\"main\"><span style=\"font-family: Arial, Helvetica, sans-serif;\">Ergebnisse vom Doppelkopfturnier<\/span><\/a><\/td>\n<\/tr>\n<tr>\n<td height=\"10\"><\/td>\n<td height=\"10\">\n<div align=\"center\"><span style=\"font-family: Arial, Helvetica, sans-serif; font-size: xx-small;\">10.03.2011<\/span><\/div>\n<\/td>\n<td height=\"10\"><a href=\"http:\/\/www.frohsinn-ost.de\/fotogallerien\/cpg136\/index.php?cat=21\" target=\"main\"><span style=\"font-family: Arial, Helvetica, sans-serif;\">Fotos vom Stra\u00dfenkarneval<\/span><\/a><\/td>\n<\/tr>\n<tr>\n<td height=\"10\"><\/td>\n<td height=\"10\">\n<div align=\"center\"><span style=\"font-family: Arial, Helvetica, sans-serif; font-size: xx-small;\">01.03.2011<\/span><\/div>\n<\/td>\n<td height=\"10\"><a href=\"http:\/\/www.frohsinn-ost.de\/fotogallerien\/cpg136\/index.php?cat=21\" target=\"main\"><span style=\"font-family: Arial, Helvetica, sans-serif;\">Fotos vom Vereinskarneval<\/span><\/a><\/td>\n<\/tr>\n<tr>\n<td height=\"20\"><\/td>\n<td height=\"20\">\n<div align=\"center\"><span style=\"font-family: Arial, Helvetica, sans-serif; font-size: xx-small;\">17.01.2011<\/span><\/div>\n<\/td>\n<td height=\"20\"><span style=\"font-family: Arial, Helvetica, sans-serif;\">I<a href=\"http:\/\/frohsinn-ost.de\/pages\/jhvber11.html\" target=\"main\">nfo und Bericht von der Jahreshauptversammlung<\/a><\/span><\/td>\n<\/tr>\n<tr>\n<td height=\"10\"><\/td>\n<td height=\"10\">\n<div align=\"center\"><span style=\"font-size: xx-small;\">14.12.2010<\/span><\/div>\n<\/td>\n<td height=\"10\"><a href=\"http:\/\/frohsinn-ost.de\/pages\/skat11.html\" target=\"main\"><span style=\"color: #000000; font-family: Arial, Helvetica, sans-serif;\">Infos zu unserem Skat- bzw. Doppelkopfturnier 2011<\/span><\/a><\/td>\n<\/tr>\n<tr>\n<td height=\"10\"><\/td>\n<td height=\"10\">\n<div align=\"center\"><span style=\"font-family: Arial, Helvetica, sans-serif; font-size: xx-small;\">15.12.2010<\/span><\/div>\n<\/td>\n<td height=\"10\"><a href=\"http:\/\/www.frohsinn-ost.de\/fotogallerien\/cpg136\/index.php?cat=17\" target=\"main\"><span style=\"font-family: Arial, Helvetica, sans-serif;\">Fotos vom Nikolausbesuch und der Weihnachtsb\u00e4ckerei<\/span><\/a><\/td>\n<\/tr>\n<tr>\n<td height=\"10\"><\/td>\n<td height=\"10\">\n<div align=\"center\"><span style=\"font-family: Arial, Helvetica, sans-serif; font-size: xx-small;\">13.12.2010<\/span><\/div>\n<\/td>\n<td height=\"10\"><a href=\"http:\/\/frohsinn-ost.de\/pages\/jhv11.html\" target=\"main\"><span style=\"font-family: Arial, Helvetica, sans-serif;\">Einladung zur Jahreshauptversammlung<\/span><\/a><\/td>\n<\/tr>\n<tr>\n<td height=\"10\"><\/td>\n<td height=\"10\">\n<div align=\"center\"><span style=\"font-family: Arial, Helvetica, sans-serif; font-size: xx-small;\">16.11.2010<\/span><\/div>\n<\/td>\n<td height=\"10\"><a href=\"http:\/\/frohsinn-ost.de\/pages\/niko10.html\" target=\"main\"><span style=\"font-family: Arial, Helvetica, sans-serif;\">der Nikolaus kommt&#8230;<\/span><\/a><\/td>\n<\/tr>\n<tr>\n<td height=\"10\"><\/td>\n<td height=\"10\">\n<div align=\"center\"><span style=\"font-family: Arial, Helvetica, sans-serif; font-size: xx-small;\">16.11.2010<\/span><\/div>\n<\/td>\n<td height=\"10\"><a href=\"http:\/\/frohsinn-ost.de\/pages\/baecker10.html\" target=\"main\"><span style=\"font-family: Arial, Helvetica, sans-serif;\">Einladung zur Weihnachtsb\u00e4ckerei<\/span><\/a><\/td>\n<\/tr>\n<tr>\n<td height=\"10\"><\/td>\n<td height=\"10\">\n<div align=\"center\"><span style=\"font-family: Arial, Helvetica, sans-serif; font-size: xx-small;\">18.10.2010<\/span><\/div>\n<\/td>\n<td height=\"10\"><a href=\"http:\/\/frohsinn-ost.de\/fotogallerien\/cpg136\/index.php\" target=\"main\"><span style=\"font-family: Arial, Helvetica, sans-serif;\">Bilder vom 2. internen Doppelkopfturnier<\/span><\/a><\/td>\n<\/tr>\n<tr>\n<td height=\"10\"><\/td>\n<td height=\"10\">\n<div align=\"center\"><span style=\"font-family: Arial, Helvetica, sans-serif; font-size: xx-small;\">11.10.2010<\/span><\/div>\n<\/td>\n<td height=\"10\"><a href=\"http:\/\/www.frohsinn-ost.de\/fotogallerien\/cpg136\/index.php?cat=17\" target=\"main\"><span style=\"font-family: Arial, Helvetica, sans-serif;\">Bilder vom Oktoberfest<\/span><\/a><\/td>\n<\/tr>\n<tr>\n<td height=\"10\"><span style=\"font-family: Arial, Helvetica, sans-serif;\">\u00a0<\/span><\/td>\n<td height=\"10\">\n<div align=\"center\"><span style=\"font-family: Arial, Helvetica, sans-serif; font-size: xx-small;\">04.10.2010<\/span><\/div>\n<\/td>\n<td height=\"10\"><a href=\"http:\/\/www.frohsinn-ost.de\/fotogallerien\/cpg136\/index.php?cat=17\" target=\"main\"><span style=\"font-family: Arial, Helvetica, sans-serif;\">Bilder von der Nacht der Majest\u00e4ten<\/span><\/a><\/td>\n<\/tr>\n<tr>\n<td height=\"10\"><\/td>\n<td height=\"10\">\n<div align=\"center\"><span style=\"font-size: xx-small;\">21.09.2010<\/span><\/div>\n<\/td>\n<td height=\"10\"><span style=\"font-family: Arial, Helvetica, sans-serif;\"><a href=\"http:\/\/media.wmtv-online.de\/embed\/video.php?id=686\/\" target=\"main\"><span style=\"color: black;\">Westm\u00fcnsterland-TV hat \u00fcber das Stadtkaiserschiessen bzw. die M\u00e4nnertaufe berichet (Link)<\/span><\/a><\/span><\/td>\n<\/tr>\n<tr>\n<td height=\"10\"><\/td>\n<td height=\"10\">\n<div align=\"center\"><span style=\"font-family: Arial, Helvetica, Geneva, Swiss, SunSans-Regular; font-size: xx-small;\">17.09.2010<\/span><\/div>\n<\/td>\n<td height=\"10\"><span style=\"font-family: Arial, Helvetica, Geneva, Swiss, SunSans-Regular;\"><a href=\"http:\/\/www.frohsinn-ost.de\/fotogallerien\/cpg136\/index.php?cat=17\" target=\"main\">Lizzy Suntrop ist erste Grevener Kinder-Stadtkaiserin!!!<\/a><\/span><\/td>\n<\/tr>\n<tr>\n<td height=\"10\"><\/td>\n<td height=\"10\">\n<div align=\"center\"><span style=\"font-size: xx-small;\">13.09.2010<\/span><\/div>\n<\/td>\n<td height=\"10\"><span style=\"font-family: Arial, Helvetica, sans-serif;\"><a href=\"http:\/\/frohsinn-ost.de\/pages\/jelly2010.htm\" target=\"main\">Einladung zum Spielenachmittag mit dem Jugendausschuss<\/a><\/span><\/td>\n<\/tr>\n<tr>\n<td height=\"10\"><\/td>\n<td height=\"10\">\n<div align=\"center\"><span style=\"font-family: Arial, Helvetica, sans-serif; font-size: xx-small;\">03.09.2010<\/span><\/div>\n<\/td>\n<td height=\"10\"><a href=\"http:\/\/frohsinn-ost.de\/pages\/dokoint10.html\" target=\"main\"><span style=\"font-family: Arial, Helvetica, sans-serif;\">Einladung zum internen Doppelkopfturnier<\/span><\/a><\/td>\n<\/tr>\n<tr>\n<td height=\"10\"><\/td>\n<td height=\"10\">\n<div align=\"center\"><span style=\"font-family: Arial, Helvetica, sans-serif; font-size: xx-small;\">03.09.2010<\/span><\/div>\n<\/td>\n<td height=\"10\"><span style=\"font-family: Arial, Helvetica, sans-serif;\"><a href=\"http:\/\/frohsinn-ost.de\/pages\/ofest10.html\" target=\"main\">Einladung zum Oktoberfest<\/a><\/span><\/td>\n<\/tr>\n<tr>\n<td height=\"10\"><\/td>\n<td height=\"10\">\n<div align=\"center\"><span style=\"font-family: Arial, Helvetica, sans-serif; font-size: xx-small;\">05.07.2010<\/span><\/div>\n<\/td>\n<td height=\"10\"><a href=\"http:\/\/www.frohsinn-ost.de\/fotogallerien\/cpg136\/index.php?cat=17\" target=\"main\"><span style=\"font-family: Arial, Helvetica, sans-serif;\">Klaus Fraune schon wieder ein K\u00f6nig&#8230;\u00a0<span style=\"font-size: xx-small;\">mehr<\/span><\/span><\/a><\/td>\n<\/tr>\n<tr>\n<td height=\"10\"><\/td>\n<td height=\"10\">\n<div align=\"center\"><span style=\"font-family: Arial, Helvetica, Geneva, Swiss, SunSans-Regular; font-size: xx-small;\">25.05.2010<\/span><\/div>\n<\/td>\n<td height=\"10\"><span style=\"font-family: Arial, Helvetica, Geneva, Swiss, SunSans-Regular;\"><a href=\"http:\/\/www.frohsinn-ost.de\/fotogallerien\/cpg136\/index.php?cat=20\" target=\"main\">Bilder vom Sch\u00fctzenfest<\/a><\/span><\/td>\n<\/tr>\n<tr>\n<td height=\"10\"><\/td>\n<td height=\"10\">\n<div align=\"center\"><span style=\"font-family: Arial, Helvetica, sans-serif; font-size: xx-small;\">25.05.2010<\/span><\/div>\n<\/td>\n<td height=\"10\"><a href=\"http:\/\/frohsinn-ost.de\/pages\/sf2010after.html\" target=\"main\"><span style=\"font-family: Arial, Helvetica, sans-serif;\">Neueste Ergebnisse vom Sch\u00fctzenfest<\/span><\/a><\/td>\n<\/tr>\n<tr>\n<td height=\"10\"><span style=\"font-family: 'Times New Roman', Times, serif;\">\u00a0<\/span><\/td>\n<td height=\"10\">\n<div align=\"center\"><span style=\"font-family: Arial, Helvetica, sans-serif; font-size: xx-small;\">03.05.2010<\/span><\/div>\n<\/td>\n<td height=\"10\"><a href=\"http:\/\/frohsinn-ost.de\/pages\/sf10.html\" target=\"main\"><span style=\"font-family: Arial, Helvetica, sans-serif;\">Einladung zum Sch\u00fctzenfest 2010<\/span><\/a><\/td>\n<\/tr>\n<tr>\n<td height=\"10\"><\/td>\n<td height=\"10\">\n<div align=\"center\"><span style=\"font-family: Arial, Helvetica, sans-serif; font-size: xx-small;\">12.04.2010<\/span><\/div>\n<\/td>\n<td height=\"10\"><a href=\"http:\/\/www.frohsinn-ost.de\/fotogallerien\/cpg136\/index.php?cat=17\" target=\"main\"><span style=\"font-family: Arial, Helvetica, sans-serif;\">Bericht vom Seniorennachmittag<\/span><\/a><\/td>\n<\/tr>\n<tr>\n<td height=\"10\"><\/td>\n<td height=\"10\">\n<div align=\"center\"><span style=\"font-family: Arial, Helvetica, sans-serif; font-size: xx-small;\">22.03.2010<\/span><\/div>\n<\/td>\n<td height=\"10\"><a href=\"http:\/\/frohsinn-ost.de\/pages\/skat2010.html\" target=\"main\"><span style=\"font-family: Arial, Helvetica, sans-serif;\">Ergebnisse vom Skatturnier<\/span><\/a><\/td>\n<\/tr>\n<tr>\n<td height=\"10\"><\/td>\n<td height=\"10\">\n<div align=\"center\"><span style=\"font-family: Arial, Helvetica, sans-serif; font-size: xx-small;\">15.03.2010<\/span><\/div>\n<\/td>\n<td height=\"10\"><a href=\"http:\/\/frohsinn-ost.de\/pages\/doko10.html\" target=\"main\"><span style=\"font-family: Arial, Helvetica, sans-serif;\">Ergebnisse vom Doppelkopfturnier<\/span><\/a><\/td>\n<\/tr>\n<tr>\n<td height=\"10\"><\/td>\n<td height=\"10\">\n<div align=\"center\"><span style=\"font-family: Arial, Helvetica, sans-serif; font-size: xx-small;\">08.03.2010<\/span><\/div>\n<\/td>\n<td height=\"10\"><a href=\"http:\/\/frohsinn-ost.de\/pages\/eier10.htm\" target=\"main\"><span style=\"font-family: Arial, Helvetica, sans-serif;\">Einladung zum Ostereierbemalen<\/span><\/a><\/td>\n<\/tr>\n<tr>\n<td height=\"10\"><\/td>\n<td height=\"10\">\n<div align=\"center\"><span style=\"font-family: Arial, Helvetica, sans-serif; font-size: xx-small;\">16.02.2010<\/span><\/div>\n<\/td>\n<td height=\"10\"><a href=\"http:\/\/www.frohsinn-ost.de\/fotogallerien\/cpg136\/thumbnails.php?album=97\" target=\"main\"><span style=\"font-family: Arial, Helvetica, sans-serif;\">Bilder vom Stra\u00dfenkarneval<\/span><\/a><\/td>\n<\/tr>\n<tr>\n<td height=\"10\"><\/td>\n<td height=\"10\">\n<div align=\"center\"><span style=\"font-family: Arial, Helvetica, sans-serif; font-size: xx-small;\">10.02.2010<\/span><\/div>\n<\/td>\n<td height=\"10\"><a href=\"http:\/\/www.frohsinn-ost.de\/fotogallerien\/cpg136\/index.php?cat=17\" target=\"main\"><span style=\"font-family: Arial, Helvetica, sans-serif;\">Bericht\/Bilder vom Vereinskarneval<\/span><\/a><\/td>\n<\/tr>\n<tr>\n<td height=\"10\"><\/td>\n<td height=\"10\">\n<div align=\"center\"><span style=\"font-family: Arial, Helvetica, Geneva, Swiss, SunSans-Regular; font-size: xx-small;\">02.01.2010<\/span><\/div>\n<\/td>\n<td height=\"10\"><span style=\"font-family: Arial, Helvetica, Geneva, Swiss, SunSans-Regular;\"><a href=\"http:\/\/frohsinn-ost.de\/pages\/jhvber10.html\" target=\"main\">Bericht von der Jahreshauptversammlung<\/a><\/span><\/td>\n<\/tr>\n<tr>\n<td height=\"10\"><span style=\"font-family: Arial, Helvetica, sans-serif;\">\u00a0<\/span><\/td>\n<td height=\"10\">\n<div align=\"center\"><span style=\"font-family: Arial, Helvetica, sans-serif; font-size: xx-small;\">16.12.2009<\/span><\/div>\n<\/td>\n<td height=\"10\"><a href=\"http:\/\/www.frohsinn-ost.de\/fotogallerien\/cpg136\/thumbnails.php?album=95\" target=\"main\"><span style=\"font-family: Arial, Helvetica, sans-serif;\">Bilder und Bericht von der Weihnachtsb\u00e4ckerei<\/span><\/a><\/td>\n<\/tr>\n<tr>\n<td height=\"22\"><\/td>\n<td height=\"22\">\n<div align=\"center\"><span style=\"font-family: Arial, Helvetica, sans-serif; font-size: xx-small;\">14.12.2009<\/span><\/div>\n<\/td>\n<td height=\"22\"><a href=\"http:\/\/frohsinn-ost.de\/pages\/jhv10.html\" target=\"main\"><span style=\"font-family: Arial, Helvetica, sans-serif;\">Einladung zur Jahreshauptversammlung<\/span><\/a><\/td>\n<\/tr>\n<tr>\n<td height=\"10\"><\/td>\n<td height=\"10\">\n<div align=\"center\"><span style=\"font-family: Arial, Helvetica, sans-serif; font-size: xx-small;\">30.11.2009<\/span><\/div>\n<\/td>\n<td height=\"10\"><a href=\"http:\/\/frohsinn-ost.de\/pages\/skat10.html\" target=\"main\"><span style=\"font-family: Arial, Helvetica, sans-serif;\">Infos zu unserem Skat- bzw. Doppelkopfturnier 2010<\/span><\/a><\/td>\n<\/tr>\n<tr>\n<td height=\"10\"><\/td>\n<td height=\"10\">\n<div align=\"center\"><span style=\"font-family: Arial, Helvetica, sans-serif; font-size: xx-small;\">11.11.2009<\/span><\/div>\n<\/td>\n<td height=\"10\"><a href=\"http:\/\/frohsinn-ost.de\/pages\/baecker09.html\" target=\"main\"><span style=\"font-family: Arial, Helvetica, sans-serif;\">Einladung zur Weihnachtsb\u00e4ckerei<\/span><\/a><\/td>\n<\/tr>\n<tr>\n<td height=\"10\"><\/td>\n<td height=\"10\">\n<div align=\"center\"><span style=\"font-family: Arial, Helvetica, sans-serif; font-size: xx-small;\">11.11.2009<\/span><\/div>\n<\/td>\n<td height=\"10\"><span style=\"font-family: Arial, Helvetica, sans-serif;\"><a href=\"http:\/\/frohsinn-ost.de\/pages\/niko09.html\" target=\"main\">Der Nikolaus kommt&#8230;<\/a><\/span><\/td>\n<\/tr>\n<tr>\n<td height=\"10\"><\/td>\n<td height=\"10\">\n<div align=\"center\"><span style=\"font-family: Arial, Helvetica, Geneva, Swiss, SunSans-Regular; font-size: xx-small;\">18.10.2009<\/span><\/div>\n<\/td>\n<td height=\"10\"><span style=\"font-family: Arial, Helvetica, Geneva, Swiss, SunSans-Regular;\"><a href=\"http:\/\/frohsinn-ost.de\/pages\/dokoint09a.html\" target=\"main\">Ergebnisse vom internen Doppelkopfturnier<\/a><\/span><\/td>\n<\/tr>\n<tr>\n<td height=\"10\"><span style=\"font-family: Arial, Helvetica, sans-serif;\">\u00a0<\/span><\/td>\n<td height=\"10\">\n<div align=\"center\"><span style=\"font-family: Arial, Helvetica, sans-serif; font-size: xx-small;\">13.10.2009<\/span><\/div>\n<\/td>\n<td height=\"10\"><a href=\"http:\/\/www.frohsinn-ost.de\/fotogallerien\/cpg136\/thumbnails.php?album=93\" target=\"main\"><span style=\"font-family: Arial, Helvetica, sans-serif;\">Bilder vom Oktoberfest von Markus Fraune und Thomas D\u00f6pker<\/span><\/a><\/td>\n<\/tr>\n<tr>\n<td height=\"10\"><\/td>\n<td height=\"10\">\n<div align=\"center\"><span style=\"font-family: Arial, Helvetica, sans-serif; font-size: xx-small;\">09.09.2009<\/span><\/div>\n<\/td>\n<td height=\"10\"><a href=\"http:\/\/frohsinn-ost.de\/pages\/dokoint09.html\" target=\"main\"><span style=\"font-family: Arial, Helvetica, sans-serif;\">Einladung zum internen Doppelkofturnier<\/span><\/a><\/td>\n<\/tr>\n<tr>\n<td height=\"10\"><\/td>\n<td height=\"10\">\n<div align=\"center\"><span style=\"font-family: Arial, Helvetica, sans-serif; font-size: xx-small;\">09.09.2009<\/span><\/div>\n<\/td>\n<td height=\"10\"><span style=\"font-family: Arial, Helvetica, sans-serif;\"><a href=\"http:\/\/frohsinn-ost.de\/pages\/ofest09.html\" target=\"main\">Einladung zum Oktoberfest<\/a><\/span><\/td>\n<\/tr>\n<tr>\n<td height=\"10\"><\/td>\n<td height=\"10\">\n<div align=\"center\"><span style=\"font-family: Arial, Helvetica, sans-serif; font-size: xx-small;\">31.08.2009<\/span><\/div>\n<\/td>\n<td height=\"10\"><a href=\"http:\/\/frohsinn-ost.de\/pages\/brunnenfest.htm\" target=\"main\"><span style=\"font-family: Arial, Helvetica, sans-serif;\">Einladung des Spielmannszugs zum Platzkonzert<\/span><\/a><\/td>\n<\/tr>\n<tr>\n<td height=\"10\"><\/td>\n<td height=\"10\">\n<div align=\"center\"><span style=\"font-family: Arial, Helvetica, Geneva, Swiss, SunSans-Regular; font-size: xx-small;\">01.08.2009<\/span><\/div>\n<\/td>\n<td height=\"10\"><span style=\"font-family: Arial, Helvetica, Geneva, Swiss, SunSans-Regular;\"><a href=\"http:\/\/frohsinn-ost.de\/pages\/moviewor.html\" target=\"main\">Einladung zum Besuch Freizeitpark Movie World<\/a><\/span><\/td>\n<\/tr>\n<tr>\n<td height=\"10\"><\/td>\n<td height=\"10\">\n<div align=\"center\"><span style=\"font-family: Arial, Helvetica, Geneva, Swiss, SunSans-Regular; font-size: xx-small;\">20.06.2009<\/span><\/div>\n<\/td>\n<td height=\"10\"><span style=\"font-family: Arial, Helvetica, Geneva, Swiss, SunSans-Regular;\"><a href=\"http:\/\/www.frohsinn-ost.de\/fotogallerien\/cpg136\/thumbnails.php?album=92\" target=\"main\">Bilder von der Sch\u00fctzenolympiade<\/a><\/span><\/td>\n<\/tr>\n<tr>\n<td height=\"10\"><\/td>\n<td height=\"10\">\n<div align=\"center\"><span style=\"font-family: Arial, Helvetica, Geneva, Swiss, SunSans-Regular; font-size: xx-small;\">30.05.2009<\/span><\/div>\n<\/td>\n<td height=\"10\"><span style=\"font-family: Arial, Helvetica, Geneva, Swiss, SunSans-Regular;\"><a href=\"http:\/\/www.frohsinn-ost.de\/fotogallerien\/cpg136\/index.php?cat=16\" target=\"main\">neueste Bilder vom Sch\u00fctzenfest!!!<\/a><\/span><\/td>\n<\/tr>\n<tr>\n<td height=\"10\"><\/td>\n<td height=\"10\">\n<div align=\"center\"><span style=\"font-family: Arial, Helvetica, Geneva, Swiss, SunSans-Regular; font-size: xx-small;\">21.05.2009<\/span><\/div>\n<\/td>\n<td height=\"10\"><span style=\"font-family: Arial, Helvetica, Geneva, Swiss, SunSans-Regular;\"><a href=\"http:\/\/frohsinn-ost.de\/pages\/sf2009after.html\" target=\"main\">Hier laufend die Ergebnisse vom Sch\u00fctzenfest!!!<\/a><\/span><\/td>\n<\/tr>\n<tr>\n<td height=\"10\"><\/td>\n<td height=\"10\">\n<div align=\"center\"><span style=\"font-family: Arial, Helvetica, Geneva, Swiss, SunSans-Regular; font-size: xx-small;\">09.05.2009<\/span><\/div>\n<\/td>\n<td height=\"10\"><a href=\"http:\/\/frohsinn-ost.de\/pages\/oly09.html\" target=\"main\"><span style=\"font-family: Arial, Helvetica, Geneva, Swiss, SunSans-Regular;\">Informationen zur Sch\u00fctzenolympiade<\/span><\/a><\/td>\n<\/tr>\n<tr>\n<td height=\"10\"><\/td>\n<td height=\"10\">\n<div align=\"center\"><span style=\"font-family: Arial, Helvetica, Geneva, Swiss, SunSans-Regular; font-size: xx-small;\">06.05.2009<\/span><\/div>\n<\/td>\n<td height=\"10\"><span style=\"font-family: Arial, Helvetica, Geneva, Swiss, SunSans-Regular;\"><a href=\"http:\/\/frohsinn-ost.de\/pages\/sf09.html\" target=\"main\">Einladung zum Sch\u00fctzenfest<\/a><\/span><\/td>\n<\/tr>\n<tr>\n<td height=\"10\"><\/td>\n<td height=\"10\">\n<div align=\"center\"><span style=\"font-family: Arial, Helvetica, Geneva, Swiss, SunSans-Regular; font-size: xx-small;\">04.04.2009<\/span><\/div>\n<\/td>\n<td height=\"10\"><span style=\"font-family: Arial, Helvetica, Geneva, Swiss, SunSans-Regular;\"><a href=\"http:\/\/www.frohsinn-ost.de\/fotogallerien\/cpg136\/thumbnails.php?album=86\" target=\"main\">Fotos vom Ostereierbemalen der Vereisnkinder mit dem Jugendausschuss<\/a><\/span><\/td>\n<\/tr>\n<tr>\n<td height=\"10\"><\/td>\n<td height=\"10\">\n<div align=\"center\"><span style=\"font-family: Arial, Helvetica, Geneva, Swiss, SunSans-Regular; font-size: xx-small;\">01.04.2009<\/span><\/div>\n<\/td>\n<td height=\"10\"><a href=\"http:\/\/frohsinn-ost.de\/pages\/konj.html\" target=\"main\"><span style=\"font-family: Arial, Helvetica, sans-serif;\">Frohsinn Ost bekommt \u20ac 250.000!!!<\/span><\/a><\/td>\n<\/tr>\n<tr>\n<td height=\"10\"><\/td>\n<td height=\"10\">\n<div align=\"center\"><span style=\"font-family: Arial, Helvetica, Geneva, Swiss, SunSans-Regular; font-size: xx-small;\">25.03.2009<\/span><\/div>\n<\/td>\n<td height=\"10\"><span style=\"font-family: Arial, Helvetica, sans-serif;\"><a href=\"http:\/\/frohsinn-ost.de\/pages\/eier09.htm\" target=\"main\">Einladung zur Ostereiermalaktion<\/a><\/span><\/td>\n<\/tr>\n<tr>\n<td width=\"10\" height=\"10\"><\/td>\n<td width=\"80\" height=\"10\">\n<div align=\"center\"><span style=\"font-family: Arial, Helvetica, Geneva, Swiss, SunSans-Regular; font-size: xx-small;\">25.03.2009<\/span><\/div>\n<\/td>\n<td width=\"509\" height=\"10\"><span style=\"font-family: Arial, Helvetica, Geneva, Swiss, SunSans-Regular;\"><a href=\"http:\/\/frohsinn-ost.de\/pages\/spz2000.html#anchor2\" target=\"main\">Bericht und\u00a0<strong>Fotos<\/strong>\u00a0vom Jubil\u00e4um des Oldie-Spielmannszuges<\/a><\/span><\/td>\n<\/tr>\n<tr>\n<td width=\"10\" height=\"10\"><\/td>\n<td width=\"80\" height=\"10\">\n<div align=\"center\"><span style=\"font-family: Arial, Helvetica, Geneva, Swiss, SunSans-Regular; font-size: xx-small;\">14.03.2009<\/span><\/div>\n<\/td>\n<td width=\"509\" height=\"10\"><span style=\"font-family: Arial, Helvetica, Geneva, Swiss, SunSans-Regular;\"><a href=\"http:\/\/frohsinn-ost.de\/pages\/spz2000.html#anchor\" target=\"main\">10-j\u00e4hriges Jubil\u00e4um des Oldie-Spielmannszuges<\/a><\/span><\/td>\n<\/tr>\n<tr>\n<td width=\"10\" height=\"10\"><\/td>\n<td width=\"80\" height=\"10\">\n<div align=\"center\"><span style=\"font-family: Arial, Helvetica, Geneva, Swiss, SunSans-Regular; font-size: xx-small;\">13.03.2009<\/span><\/div>\n<\/td>\n<td width=\"509\" height=\"10\"><span style=\"font-family: Arial, Helvetica, Geneva, Swiss, SunSans-Regular;\"><a href=\"http:\/\/frohsinn-ost.de\/pages\/skat2009.html\" target=\"main\">Ergebnisse vom Skatturnier<\/a><\/span><\/td>\n<\/tr>\n<tr>\n<td width=\"10\" height=\"10\"><\/td>\n<td width=\"80\" height=\"10\">\n<div align=\"center\"><span style=\"font-family: Arial, Helvetica, Geneva, Swiss, SunSans-Regular; font-size: xx-small;\">07.03.2009<\/span><\/div>\n<\/td>\n<td width=\"509\" height=\"10\"><span style=\"font-family: Arial, Helvetica, Geneva, Swiss, SunSans-Regular;\"><a href=\"http:\/\/frohsinn-ost.de\/pages\/doko09.html\" target=\"main\">Ergebnisse vom Doppelkopfturnier<\/a><\/span><\/td>\n<\/tr>\n<tr>\n<td width=\"10\" height=\"10\"><\/td>\n<td width=\"80\" height=\"10\">\n<div align=\"center\"><span style=\"font-family: Arial, Helvetica, Geneva, Swiss, SunSans-Regular; font-size: xx-small;\">22.02.2009<\/span><\/div>\n<\/td>\n<td width=\"509\" height=\"10\"><span style=\"font-family: Arial, Helvetica, Geneva, Swiss, SunSans-Regular;\"><a href=\"http:\/\/www.frohsinn-ost.de\/fotogallerien\/cpg136\/thumbnails.php?album=84\" target=\"main\">Bilder vom Stra\u00dfenkarmeval<\/a><\/span><\/td>\n<\/tr>\n<tr>\n<td width=\"10\" height=\"10\"><\/td>\n<td width=\"80\" height=\"10\">\n<div align=\"center\"><span style=\"font-family: Arial, Helvetica, Geneva, Swiss, SunSans-Regular; font-size: xx-small;\">22.02.2009<\/span><\/div>\n<\/td>\n<td width=\"509\" height=\"10\"><span style=\"font-family: Arial, Helvetica, Geneva, Swiss, SunSans-Regular;\"><a href=\"http:\/\/www.frohsinn-ost.de\/fotogallerien\/cpg136\/thumbnails.php?album=83\" target=\"main\">Bilder von der Schl\u00fcssel\u00fcbergabe von Prinz Lui<\/a><\/span><\/td>\n<\/tr>\n<tr>\n<td width=\"10\" height=\"10\"><\/td>\n<td width=\"80\" height=\"10\">\n<div align=\"center\"><span style=\"font-family: Arial, Helvetica, Geneva, Swiss, SunSans-Regular; font-size: xx-small;\">15.02.2009<\/span><\/div>\n<\/td>\n<td width=\"509\" height=\"10\"><span style=\"font-family: Arial, Helvetica, Geneva, Swiss, SunSans-Regular;\"><a href=\"http:\/\/www.frohsinn-ost.de\/fotogallerien\/cpg136\/thumbnails.php?album=82\" target=\"main\">erste Bilder vom Karneval sind da<\/a><\/span><\/td>\n<\/tr>\n<tr>\n<td width=\"10\" height=\"10\"><\/td>\n<td width=\"80\" height=\"10\">\n<div align=\"center\"><span style=\"font-family: Arial, Helvetica, Geneva, Swiss, SunSans-Regular; font-size: xx-small;\">03.01.2009<\/span><\/div>\n<\/td>\n<td width=\"509\" height=\"10\"><span style=\"font-family: Arial, Helvetica, Geneva, Swiss, SunSans-Regular;\"><a href=\"http:\/\/frohsinn-ost.de\/pages\/vorstand.html\" target=\"main\">Vorstandszusammensetzung nach der JHV<\/a><\/span><\/td>\n<\/tr>\n<tr>\n<td width=\"10\" height=\"10\"><\/td>\n<td width=\"80\" height=\"10\">\n<div align=\"center\"><span style=\"font-family: Arial, Helvetica, Geneva, Swiss, SunSans-Regular; font-size: xx-small;\">03.01.2009<\/span><\/div>\n<\/td>\n<td width=\"509\" height=\"10\"><span style=\"font-family: Arial, Helvetica, Geneva, Swiss, SunSans-Regular;\"><a href=\"http:\/\/frohsinn-ost.de\/pages\/jhvber09.html\" target=\"main\">Bericht von der JHV<\/a><\/span><\/td>\n<\/tr>\n<tr>\n<td width=\"10\" height=\"10\"><\/td>\n<td width=\"80\" height=\"10\">\n<div align=\"center\"><span style=\"font-family: Arial, Helvetica, Geneva, Swiss, SunSans-Regular; font-size: xx-small;\">22.12.2008<\/span><\/div>\n<\/td>\n<td width=\"509\" height=\"10\"><span style=\"font-family: Arial, Helvetica, Geneva, Swiss, SunSans-Regular;\"><a href=\"http:\/\/frohsinn-ost.de\/pages\/jhv09.html\" target=\"main\">Einladung zur Jahreshauptversammlung<\/a><\/span><\/td>\n<\/tr>\n<tr>\n<td width=\"10\" height=\"10\"><\/td>\n<td width=\"80\" height=\"10\">\n<div align=\"center\"><span style=\"font-family: Arial, Helvetica, Geneva, Swiss, SunSans-Regular; font-size: xx-small;\">22.12.2008<\/span><\/div>\n<\/td>\n<td width=\"509\" height=\"10\"><span style=\"font-family: Arial, Helvetica, Geneva, Swiss, SunSans-Regular;\"><a href=\"http:\/\/frohsinn-ost.de\/pages\/skat09.html\" target=\"main\">Infos zu unserem Skat- bzw. Doppelkopfturnier<\/a><\/span><\/td>\n<\/tr>\n<tr>\n<td width=\"10\" height=\"10\"><\/td>\n<td width=\"80\" height=\"10\">\n<div align=\"center\"><span style=\"font-family: Arial, Helvetica, Geneva, Swiss, SunSans-Regular; font-size: xx-small;\">16.12.2008<\/span><\/div>\n<\/td>\n<td width=\"509\" height=\"10\"><span style=\"font-family: Arial, Helvetica, Geneva, Swiss, SunSans-Regular;\"><a href=\"http:\/\/www.frohsinn-ost.de\/fotogallerien\/cpg136\/thumbnails.php?album=81\" target=\"main\">Bilder von der Weihnachtsb\u00e4ckerei<\/a><\/span><\/td>\n<\/tr>\n<tr>\n<td width=\"10\" height=\"10\"><\/td>\n<td width=\"80\" height=\"10\">\n<div align=\"center\"><span style=\"font-family: Arial, Helvetica, Geneva, Swiss, SunSans-Regular; font-size: xx-small;\">10.11.2008<\/span><\/div>\n<\/td>\n<td width=\"509\" height=\"10\"><span style=\"font-family: Arial, Helvetica, Geneva, Swiss, SunSans-Regular;\"><a href=\"http:\/\/frohsinn-ost.de\/pages\/niko08.html\" target=\"main\">der Nikolaus kommt!!!<\/a><\/span><\/td>\n<\/tr>\n<tr>\n<td width=\"10\" height=\"10\"><\/td>\n<td width=\"80\" height=\"10\">\n<div align=\"center\"><span style=\"font-family: Arial, Helvetica, Geneva, Swiss, SunSans-Regular; font-size: xx-small;\">12.10.2008<\/span><\/div>\n<\/td>\n<td width=\"509\" height=\"10\"><span style=\"font-family: Arial, Helvetica, Geneva, Swiss, SunSans-Regular;\"><a href=\"http:\/\/www.frohsinn-ost.de\/fotogallerien\/cpg136\/thumbnails.php?album=80\" target=\"main\">Bilder vom Oktoberfest online<\/a><\/span><\/td>\n<\/tr>\n<tr>\n<td width=\"10\" height=\"10\"><\/td>\n<td width=\"80\" height=\"10\">\n<div align=\"center\"><span style=\"font-family: Arial, Helvetica, Geneva, Swiss, SunSans-Regular; font-size: xx-small;\">08.09.2008<\/span><\/div>\n<\/td>\n<td width=\"509\" height=\"10\"><span style=\"font-family: Arial, Helvetica, Geneva, Swiss, SunSans-Regular;\"><a href=\"http:\/\/frohsinn-ost.de\/pages\/ofest08.html\" target=\"main\">Einladung zum Oktoberfest<\/a><\/span><\/td>\n<\/tr>\n<tr>\n<td width=\"10\" height=\"10\"><\/td>\n<td width=\"80\" height=\"10\">\n<div align=\"center\"><span style=\"font-family: Arial, Helvetica, Geneva, Swiss, SunSans-Regular; font-size: xx-small;\">13.08.2008<\/span><\/div>\n<\/td>\n<td width=\"509\" height=\"10\"><span style=\"font-family: Arial, Helvetica, Geneva, Swiss, SunSans-Regular;\"><a href=\"http:\/\/frohsinn-ost.de\/pages\/spzsf08.htm\" target=\"main\">Bericht vom Sommerfest<br \/>\ndes Spielmannszuges<\/a><\/span><\/td>\n<\/tr>\n<tr>\n<td width=\"10\" height=\"10\"><\/td>\n<td width=\"80\" height=\"10\">\n<div align=\"center\"><span style=\"font-family: Arial, Helvetica, Geneva, Swiss, SunSans-Regular; font-size: xx-small;\">24.07.2008<\/span><\/div>\n<\/td>\n<td width=\"509\" height=\"10\"><span style=\"font-family: Arial, Helvetica, Geneva, Swiss, SunSans-Regular;\"><a href=\"http:\/\/frohsinn-ost.de\/pages\/sg08.htm\" target=\"main\">Bericht vom Sommerfest<br \/>\nder Schie\u00dfgruppe<\/a><\/span><\/td>\n<\/tr>\n<tr>\n<td width=\"10\" height=\"19\"><\/td>\n<td width=\"80\" height=\"19\">\n<div align=\"center\"><span style=\"font-family: Arial, Helvetica, Geneva, Swiss, SunSans-Regular; font-size: xx-small;\">13.05.2008<\/span><\/div>\n<\/td>\n<td width=\"509\" height=\"19\"><span style=\"font-family: Arial, Helvetica, Geneva, Swiss, SunSans-Regular;\"><a href=\"http:\/\/www.frohsinn-ost.de\/fotogallerien\/cpg136\/index.php?cat=14\" target=\"main\">die ersten Sch\u00fctzenfestbilder sind online<\/a>&#8211;schickt mehr!!!<\/span><\/td>\n<\/tr>\n<tr>\n<td width=\"10\" height=\"19\"><\/td>\n<td width=\"80\" height=\"19\">\n<div align=\"center\"><span style=\"font-family: Arial, Helvetica, Geneva, Swiss, SunSans-Regular; font-size: xx-small;\">13.05.2008<\/span><\/div>\n<\/td>\n<td width=\"509\" height=\"19\"><span style=\"font-family: Arial, Helvetica, Geneva, Swiss, SunSans-Regular;\"><a href=\"http:\/\/frohsinn-ost.de\/pages\/formulare\/Bierzeitung.pdf\" target=\"main\">Bierzeitung als pdf<\/a><\/span><\/td>\n<\/tr>\n<tr>\n<td width=\"10\" height=\"19\"><\/td>\n<td width=\"80\" height=\"19\">\n<div align=\"center\"><span style=\"font-family: Arial, Helvetica, Geneva, Swiss, SunSans-Regular; font-size: xx-small;\">01.05.2008<\/span><\/div>\n<\/td>\n<td width=\"509\" height=\"19\"><span style=\"font-family: Arial, Helvetica, Geneva, Swiss, SunSans-Regular;\"><a href=\"http:\/\/frohsinn-ost.de\/pages\/sf2008after.html\">HIER laufend die Ergebnisse\/Ereignisse vom Sch\u00fctzenfest 2008<\/a><\/span><\/td>\n<\/tr>\n<tr>\n<td width=\"10\" height=\"19\"><\/td>\n<td width=\"80\" height=\"19\">\n<div align=\"center\"><span style=\"font-family: Arial, Helvetica, Geneva, Swiss, SunSans-Regular; font-size: xx-small;\">20.04.2008<\/span><\/div>\n<\/td>\n<td width=\"509\" height=\"19\"><span style=\"font-family: Arial, Helvetica, Geneva, Swiss, SunSans-Regular;\"><a href=\"http:\/\/frohsinn-ost.de\/pages\/sf08.html\">Einladung zum Sch\u00fctzenfest<\/a><\/span><\/td>\n<\/tr>\n<tr>\n<td width=\"10\" height=\"19\"><\/td>\n<td width=\"80\" height=\"19\">\n<div align=\"center\"><span style=\"font-family: Arial, Helvetica, Geneva, Swiss, SunSans-Regular; font-size: xx-small;\">29.03.2008<\/span><\/div>\n<\/td>\n<td width=\"509\" height=\"19\"><span style=\"font-family: Arial, Helvetica, Geneva, Swiss, SunSans-Regular;\"><a href=\"http:\/\/www.frohsinn-ost.de\/fotogallerien\/cpg136\/index.php?cat=13\" target=\"main\">Info vom\u00a0Seniorennachmittag<\/a><\/span><\/td>\n<\/tr>\n<tr>\n<td width=\"10\" height=\"19\"><\/td>\n<td width=\"80\" height=\"19\">\n<div align=\"center\"><span style=\"font-family: Arial, Helvetica, Geneva, Swiss, SunSans-Regular; font-size: xx-small;\">14.03.2008<\/span><\/div>\n<\/td>\n<td width=\"509\" height=\"19\"><span style=\"font-family: Arial, Helvetica, Geneva, Swiss, SunSans-Regular;\"><a href=\"http:\/\/frohsinn-ost.de\/pages\/skat2008.html\" target=\"main\">Ergebnisse vom Skatturnier am 14.03.08<\/a><\/span><\/td>\n<\/tr>\n<tr>\n<td width=\"10\" height=\"19\"><\/td>\n<td width=\"80\" height=\"19\">\n<div align=\"center\"><span style=\"font-family: Arial, Helvetica, Geneva, Swiss, SunSans-Regular; font-size: xx-small;\">08.03.2008<\/span><\/div>\n<\/td>\n<td width=\"509\" height=\"19\"><span style=\"font-family: Arial, Helvetica, Geneva, Swiss, SunSans-Regular;\"><a href=\"http:\/\/frohsinn-ost.de\/pages\/doko08.html\" target=\"main\">Ergebnisse vom Doppelkopfturnier am 07.03.08<\/a><\/span><\/td>\n<\/tr>\n<tr>\n<td width=\"10\" height=\"19\"><\/td>\n<td width=\"80\" height=\"19\">\n<div align=\"center\"><span style=\"font-family: Arial, Helvetica, Geneva, Swiss, SunSans-Regular; font-size: xx-small;\">03.02.2008<\/span><\/div>\n<\/td>\n<td width=\"509\" height=\"19\"><span style=\"font-family: Arial, Helvetica, Geneva, Swiss, SunSans-Regular;\"><a href=\"http:\/\/www.frohsinn-ost.de\/fotogallerien\/cpg136\/thumbnails.php?album=71\" target=\"main\">Fotos vom Strassenkarneval<\/a><\/span><\/td>\n<\/tr>\n<tr>\n<td width=\"10\" height=\"19\"><\/td>\n<td width=\"80\" height=\"19\">\n<div align=\"center\"><span style=\"font-family: Arial, Helvetica, Geneva, Swiss, SunSans-Regular; font-size: xx-small;\">27.01.2008<\/span><\/div>\n<\/td>\n<td width=\"509\" height=\"19\"><span style=\"color: white; font-family: Arial, Helvetica, Geneva, Swiss, SunSans-Regular;\"><a href=\"http:\/\/www.frohsinn-ost.de\/fotogallerien\/cpg136\/thumbnails.php?album=70\" target=\"main\">Fotos vom Vereinskarneval<\/a><\/span><\/td>\n<\/tr>\n<tr>\n<td width=\"10\" height=\"19\"><\/td>\n<td width=\"80\" height=\"19\">\n<div align=\"center\"><span style=\"font-family: Arial, Helvetica, Geneva, Swiss, SunSans-Regular; font-size: xx-small;\">15.12.2007<\/span><\/div>\n<\/td>\n<td width=\"509\" height=\"19\"><span style=\"font-family: Arial, Helvetica, Geneva, Swiss, SunSans-Regular;\"><a href=\"http:\/\/frohsinn-ost.de\/pages\/jhv08.html\" target=\"main\">Einladung zur Jahreshauptversammlung<\/a><\/span><\/td>\n<\/tr>\n<tr>\n<td width=\"10\" height=\"19\"><\/td>\n<td width=\"80\" height=\"19\">\n<div align=\"center\"><span style=\"font-family: Arial, Helvetica, Geneva, Swiss, SunSans-Regular; font-size: xx-small;\">12.12.2007<\/span><\/div>\n<\/td>\n<td width=\"509\" height=\"19\"><span style=\"font-family: Arial, Helvetica, Geneva, Swiss, SunSans-Regular;\"><a href=\"http:\/\/www.frohsinn-ost.de\/fotogallerien\/cpg136\/thumbnails.php?album=69\" target=\"main\">Fotos von der Weihnachtsb\u00e4ckerei<\/a><\/span><\/td>\n<\/tr>\n<tr>\n<td width=\"10\" height=\"19\"><\/td>\n<td width=\"80\" height=\"19\">\n<div align=\"center\"><span style=\"font-family: Arial, Helvetica, Geneva, Swiss, SunSans-Regular; font-size: xx-small;\">12.11.2007<\/span><\/div>\n<\/td>\n<td width=\"509\" height=\"19\"><span style=\"font-family: Arial, Helvetica, Geneva, Swiss, SunSans-Regular;\"><a href=\"http:\/\/frohsinn-ost.de\/pages\/skat08.html\" target=\"main\">Infos zu unserem Skat- bzw. Doppelkopfturnier<\/a><\/span><\/td>\n<\/tr>\n<tr>\n<td width=\"10\" height=\"22\"><\/td>\n<td width=\"80\" height=\"22\">\n<div align=\"center\"><span style=\"font-family: Arial, Helvetica, Geneva, Swiss, SunSans-Regular; font-size: xx-small;\">12.11.2007<\/span><\/div>\n<\/td>\n<td width=\"509\" height=\"22\"><span style=\"font-family: Arial, Helvetica, Geneva, Swiss, SunSans-Regular;\"><a href=\"http:\/\/frohsinn-ost.de\/pages\/niko07.html\" target=\"main\">der Nikolaus kommt zu Besuch<\/a><\/span><\/td>\n<\/tr>\n<tr>\n<td width=\"10\" height=\"22\"><\/td>\n<td width=\"80\" height=\"22\">\n<div align=\"center\"><span style=\"font-family: Arial, Helvetica, Geneva, Swiss, SunSans-Regular; font-size: xx-small;\">12.11.2007<\/span><\/div>\n<\/td>\n<td width=\"509\" height=\"22\"><span style=\"font-family: Arial, Helvetica, Geneva, Swiss, SunSans-Regular;\"><a href=\"http:\/\/frohsinn-ost.de\/pages\/baecker07.html\" target=\"main\">Einladung zur Weihnachtsb\u00e4ckerei<\/a><\/span><\/td>\n<\/tr>\n<tr>\n<td width=\"10\" height=\"22\"><\/td>\n<td width=\"80\" height=\"22\">\n<div align=\"center\"><span style=\"font-family: Arial, Helvetica, Geneva, Swiss, SunSans-Regular; font-size: xx-small;\">07.10.2007<\/span><\/div>\n<\/td>\n<td width=\"509\" height=\"22\"><span style=\"font-family: Arial, Helvetica, Geneva, Swiss, SunSans-Regular;\"><a href=\"http:\/\/www.frohsinn-ost.de\/fotogallerien\/cpg136\/thumbnails.php?album=68\" target=\"main\">Fotos vom Oktoberfest<\/a><\/span><\/td>\n<\/tr>\n<tr>\n<td width=\"10\" height=\"22\"><\/td>\n<td width=\"80\" height=\"22\">\n<div align=\"center\"><span style=\"font-family: Arial, Helvetica, Geneva, Swiss, SunSans-Regular; font-size: xx-small;\">03.09.2007<\/span><\/div>\n<\/td>\n<td width=\"509\" height=\"22\"><span style=\"font-family: Arial, Helvetica, Geneva, Swiss, SunSans-Regular;\"><a href=\"http:\/\/frohsinn-ost.de\/pages\/stk07.html\" target=\"main\">Bericht vom Stadtkaiserschiessen<\/a><\/span><\/td>\n<\/tr>\n<tr>\n<td width=\"10\" height=\"22\"><\/td>\n<td width=\"80\" height=\"22\">\n<div align=\"center\"><span style=\"font-family: Arial, Helvetica, Geneva, Swiss, SunSans-Regular; font-size: xx-small;\">29.08.2007<\/span><\/div>\n<\/td>\n<td width=\"509\" height=\"22\"><span style=\"font-family: Arial, Helvetica, Geneva, Swiss, SunSans-Regular;\"><a href=\"http:\/\/frohsinn-ost.de\/pages\/kirmes07.html\" target=\"main\">Bericht vom Kirmesgang der Ehrengarde und des Spielmannszuges<\/a><\/span><\/td>\n<\/tr>\n<tr>\n<td width=\"10\" height=\"22\"><\/td>\n<td width=\"80\" height=\"22\">\n<div align=\"center\"><span style=\"font-family: Arial, Helvetica, Geneva, Swiss, SunSans-Regular; font-size: xx-small;\">28.08.2007<\/span><\/div>\n<\/td>\n<td width=\"509\" height=\"22\"><span style=\"font-family: Arial, Helvetica, Geneva, Swiss, SunSans-Regular;\"><a href=\"http:\/\/frohsinn-ost.de\/pages\/ofest07.html\" target=\"main\">Einladung zum Oktoberfest<\/a><\/span><\/td>\n<\/tr>\n<tr>\n<td width=\"10\" height=\"22\"><\/td>\n<td width=\"80\" height=\"22\">\n<div align=\"center\"><span style=\"font-family: Arial, Helvetica, Geneva, Swiss, SunSans-Regular; font-size: xx-small;\">22.07..2007<\/span><\/div>\n<\/td>\n<td width=\"509\" height=\"22\"><span style=\"font-family: Arial, Helvetica, Geneva, Swiss, SunSans-Regular;\"><a href=\"http:\/\/www.frohsinn-ost.de\/fotogallerien\/cpg136\/index.php?cat=10\" target=\"main\">Fotos vom K\u00f6nigstreffen online<\/a><\/span><\/td>\n<\/tr>\n<tr>\n<td width=\"10\" height=\"22\"><\/td>\n<td width=\"80\" height=\"22\">\n<div align=\"center\"><span style=\"font-family: Arial, Helvetica, Geneva, Swiss, SunSans-Regular; font-size: xx-small;\">17.06.2007<\/span><\/div>\n<\/td>\n<td width=\"509\" height=\"22\"><span style=\"font-family: Arial, Helvetica, Geneva, Swiss, SunSans-Regular;\"><a href=\"http:\/\/www.frohsinn-ost.de\/fotogallerien\/cpg136\/thumbnails.php?album=62\" target=\"main\">Fotos von der Sch\u00fctzenolympiade online<\/a><\/span><\/td>\n<\/tr>\n<tr>\n<td width=\"10\" height=\"22\"><\/td>\n<td width=\"80\" height=\"22\">\n<div align=\"center\"><span style=\"font-family: Arial, Helvetica, Geneva, Swiss, SunSans-Regular; font-size: xx-small;\">29.05.2007<\/span><\/div>\n<\/td>\n<td width=\"509\" height=\"22\"><span style=\"font-family: Arial, Helvetica, Geneva, Swiss, SunSans-Regular;\"><a href=\"http:\/\/www.frohsinn-ost.de\/fotogallerien\/cpg136\/index.php?cat=11\" target=\"main\">die Sch\u00fctzenfestbilder von Pierre Bockelj\u00fcrgen sind online (sendet was Ihr habt, wir stellen gerne noch mehr online)<\/a><\/span><\/td>\n<\/tr>\n<tr>\n<td width=\"10\" height=\"22\"><\/td>\n<td width=\"80\" height=\"22\">\n<div align=\"center\"><span style=\"font-family: Arial, Helvetica, Geneva, Swiss, SunSans-Regular; font-size: xx-small;\">Sch\u00fctzenfest 2007<\/span><\/div>\n<\/td>\n<td width=\"509\" height=\"22\"><span style=\"font-family: Arial, Helvetica, Geneva, Swiss, SunSans-Regular;\"><a href=\"http:\/\/frohsinn-ost.de\/pages\/sf2007after.html\" target=\"main\">aktuelle Ergebnisse vom Sch\u00fctzenfest<\/a><\/span><\/td>\n<\/tr>\n<tr>\n<td width=\"10\" height=\"22\"><\/td>\n<td width=\"80\" height=\"22\">\n<div align=\"center\"><span style=\"font-family: Arial, Helvetica, Geneva, Swiss, SunSans-Regular; font-size: xx-small;\">20.05.2007<\/span><\/div>\n<\/td>\n<td width=\"509\" height=\"22\"><span style=\"font-family: Arial, Helvetica, Geneva, Swiss, SunSans-Regular;\"><a href=\"http:\/\/frohsinn-ost.de\/pages\/jelly.html\" target=\"main\">Besuch im Jelly-Beans Rheine\/Salzbergen<\/a><\/span><\/td>\n<\/tr>\n<tr>\n<td width=\"10\" height=\"22\"><\/td>\n<td width=\"80\" height=\"22\">\n<div align=\"center\"><span style=\"font-family: Arial, Helvetica, Geneva, Swiss, SunSans-Regular; font-size: xx-small;\">17.05.2007<\/span><\/div>\n<\/td>\n<td width=\"509\" height=\"22\"><span style=\"color: red; font-family: Arial, Helvetica, Geneva, Swiss, SunSans-Regular;\"><a href=\"http:\/\/frohsinn-ost.de\/pages\/olymp.html\" target=\"main\">Einladung zur Sch\u00fctzenolympiade<\/a><\/span><\/td>\n<\/tr>\n<tr>\n<td width=\"10\" height=\"22\"><\/td>\n<td width=\"80\" height=\"22\">\n<div align=\"center\"><span style=\"font-family: Arial, Helvetica, Geneva, Swiss, SunSans-Regular; font-size: xx-small;\">17.05.2007<\/span><\/div>\n<\/td>\n<td width=\"509\" height=\"22\"><span style=\"font-family: Arial, Helvetica, Geneva, Swiss, SunSans-Regular;\"><a href=\"http:\/\/frohsinn-ost.de\/pages\/formulare\/Meldung%20zur%20Olympiade.pdf\" target=\"_blank\">Anmeldung zur Sch\u00fctzenolympiade (pdf)<\/a><\/span><\/td>\n<\/tr>\n<tr>\n<td width=\"10\" height=\"22\"><\/td>\n<td width=\"80\" height=\"22\">\n<div align=\"center\"><span style=\"font-family: Arial, Helvetica, Geneva, Swiss, SunSans-Regular; font-size: xx-small;\">02.05.2007<\/span><\/div>\n<\/td>\n<td width=\"509\" height=\"22\"><span style=\"font-family: Arial, Helvetica, Geneva, Swiss, SunSans-Regular;\"><a href=\"http:\/\/frohsinn-ost.de\/pages\/sf07.html\" target=\"main\">Programm Sch\u00fctzenfest 2007<\/a><\/span><\/td>\n<\/tr>\n<tr>\n<td width=\"10\" height=\"22\"><\/td>\n<td width=\"80\" height=\"22\">\n<div align=\"center\"><span style=\"font-family: Arial, Helvetica, Geneva, Swiss, SunSans-Regular; font-size: xx-small;\">06.04.2007<\/span><\/div>\n<\/td>\n<td width=\"509\" height=\"22\"><span style=\"font-family: Arial, Helvetica, Geneva, Swiss, SunSans-Regular;\"><a href=\"http:\/\/frohsinn-ost.de\/pages\/eier.html\" target=\"main\">Ostereier werden an Kinderg\u00e4rten gespendet<\/a><\/span><\/td>\n<\/tr>\n<tr>\n<td width=\"10\" height=\"22\"><\/td>\n<td width=\"80\" height=\"22\">\n<div align=\"center\"><span style=\"font-family: Arial, Helvetica, Geneva, Swiss, SunSans-Regular; font-size: xx-small;\">02.04.2007<\/span><\/div>\n<\/td>\n<td width=\"509\" height=\"22\"><span style=\"font-family: Arial, Helvetica, Geneva, Swiss, SunSans-Regular;\"><a href=\"http:\/\/frohsinn-ost.de\/pages\/aprilapril.html\" target=\"main\">Aprilscherz von Gestern<\/a><\/span><\/td>\n<\/tr>\n<tr>\n<td width=\"10\" height=\"22\"><\/td>\n<td width=\"80\" height=\"22\">\n<div align=\"center\"><span style=\"font-family: Arial, Helvetica, Geneva, Swiss, SunSans-Regular; font-size: xx-small;\">01.04.2007<\/span><\/div>\n<\/td>\n<td width=\"509\" height=\"22\"><span style=\"font-family: Arial, Helvetica, Geneva, Swiss, SunSans-Regular;\"><a href=\"http:\/\/frohsinn-ost.de\/pages\/eier.html\" target=\"main\">Ostereierbemalen des Jugendausschusses<\/a><\/span><\/td>\n<\/tr>\n<tr>\n<td width=\"10\" height=\"22\"><\/td>\n<td width=\"80\" height=\"22\">\n<div align=\"center\"><span style=\"font-family: Arial, Helvetica, Geneva, Swiss, SunSans-Regular; font-size: xx-small;\">17.03.2007<\/span><\/div>\n<\/td>\n<td width=\"509\" height=\"22\"><span style=\"color: #ff8c00; font-family: Arial, Helvetica, Geneva, Swiss, SunSans-Regular;\"><a href=\"http:\/\/frohsinn-ost.de\/pages\/skat2007.html\" target=\"main\">Ergebnisse vom Skatturnier am 16.03.2007<\/a><\/span><\/td>\n<\/tr>\n<tr>\n<td width=\"10\" height=\"22\"><\/td>\n<td width=\"80\" height=\"22\">\n<div align=\"center\"><span style=\"font-family: Arial, Helvetica, Geneva, Swiss, SunSans-Regular; font-size: xx-small;\">11.03.2007<\/span><\/div>\n<\/td>\n<td width=\"509\" height=\"22\"><span style=\"font-family: Arial, Helvetica, Geneva, Swiss, SunSans-Regular;\"><a href=\"http:\/\/frohsinn-ost.de\/pages\/doko07.html\" target=\"main\">Ergebnisse vom Doppelkopfturnier am 09.03.2007<\/a><\/span><\/td>\n<\/tr>\n<tr>\n<td width=\"10\" height=\"22\"><\/td>\n<td width=\"80\" height=\"22\">\n<div align=\"center\"><span style=\"font-family: Arial, Helvetica, Geneva, Swiss, SunSans-Regular; font-size: xx-small;\">14.01.2007<\/span><\/div>\n<\/td>\n<td width=\"509\" height=\"22\"><span style=\"font-family: Arial, Helvetica, Geneva, Swiss, SunSans-Regular;\"><a href=\"http:\/\/frohsinn-ost.de\/pages\/vorstand.html\" target=\"main\">\u00dcbersicht der Vorstandsmitglieder nach den Neuwahlen<\/a><\/span><\/td>\n<\/tr>\n<tr>\n<td width=\"10\" height=\"22\"><\/td>\n<td width=\"80\" height=\"22\">\n<div align=\"center\"><span style=\"font-family: Arial, Helvetica, Geneva, Swiss, SunSans-Regular; font-size: xx-small;\">27.12.2006<\/span><\/div>\n<\/td>\n<td width=\"509\" height=\"22\"><span style=\"font-family: Arial, Helvetica, Geneva, Swiss, SunSans-Regular;\"><a href=\"http:\/\/frohsinn-ost.de\/pages\/skat07.html\" target=\"main\">Einladung zum Skat- und Dokoturnier<\/a><\/span><\/td>\n<\/tr>\n<tr>\n<td width=\"10\" height=\"22\"><\/td>\n<td width=\"80\" height=\"22\">\n<div align=\"center\"><span style=\"font-family: Arial, Helvetica, Geneva, Swiss, SunSans-Regular; font-size: xx-small;\">27.12.2006<\/span><\/div>\n<\/td>\n<td width=\"509\" height=\"22\"><span style=\"font-family: Arial, Helvetica, Geneva, Swiss, SunSans-Regular;\"><a href=\"http:\/\/frohsinn-ost.de\/pages\/jhv07.html\" target=\"main\">Einladung zur Jahreshauptversammlung<\/a><\/span><\/td>\n<\/tr>\n<tr>\n<td width=\"10\" height=\"22\"><\/td>\n<td width=\"80\" height=\"22\">\n<div align=\"center\"><span style=\"font-family: Arial, Helvetica, Geneva, Swiss, SunSans-Regular; font-size: xx-small;\">12.12.2006<\/span><\/div>\n<\/td>\n<td width=\"509\" height=\"22\"><span style=\"font-family: Arial, Helvetica, Geneva, Swiss, SunSans-Regular;\"><a href=\"http:\/\/frohsinn-ost.de\/pages\/wbaeck06.html\" target=\"main\">Weihnachtsb\u00e4ckerei des Jugendausschusses wieder ein grosser Erfolg<\/a><\/span><\/td>\n<\/tr>\n<tr>\n<td width=\"10\" height=\"22\"><\/td>\n<td width=\"80\" height=\"22\">\n<div align=\"center\"><span style=\"font-family: Arial, Helvetica, Geneva, Swiss, SunSans-Regular; font-size: xx-small;\">24.10.2006<\/span><\/div>\n<\/td>\n<td width=\"509\" height=\"22\"><span style=\"font-family: Arial, Helvetica, Geneva, Swiss, SunSans-Regular;\"><a href=\"http:\/\/frohsinn-ost.de\/pages\/baecker06.html\" target=\"main\">Einladung zur Weihnachtsb\u00e4ckerei<\/a><\/span><\/td>\n<\/tr>\n<tr>\n<td width=\"10\" height=\"22\"><\/td>\n<td width=\"80\" height=\"22\">\n<div align=\"center\"><span style=\"font-family: Arial, Helvetica, Geneva, Swiss, SunSans-Regular; font-size: xx-small;\">12.10.2006<\/span><\/div>\n<\/td>\n<td width=\"509\" height=\"22\"><span style=\"font-family: Arial, Helvetica, Geneva, Swiss, SunSans-Regular;\"><a href=\"http:\/\/frohsinn-ost.de\/pages\/niko06.html\" target=\"main\">der\u00a0<b>Nikolaus<\/b>\u00a0kommt zu Besuch!!!<\/a><\/span><\/td>\n<\/tr>\n<tr>\n<td width=\"10\" height=\"22\"><\/td>\n<td width=\"80\" height=\"22\">\n<div align=\"center\"><span style=\"font-family: Arial, Helvetica, Geneva, Swiss, SunSans-Regular; font-size: xx-small;\">04.10.2006<\/span><\/div>\n<\/td>\n<td width=\"509\" height=\"22\"><span style=\"font-family: Arial, Helvetica, Geneva, Swiss, SunSans-Regular;\">Tippspiel zur Bundesliga in `L<\/span><span style=\"font-family: Arial, Helvetica, Geneva, Swiss, SunSans-Regular;\">inks`eingebunden<\/span><\/td>\n<\/tr>\n<tr>\n<td width=\"10\" height=\"22\"><\/td>\n<td width=\"80\" height=\"22\">\n<div align=\"center\"><span style=\"font-family: Arial, Helvetica, Geneva, Swiss, SunSans-Regular; font-size: xx-small;\">05.09.2006<\/span><\/div>\n<\/td>\n<td width=\"509\" height=\"22\"><a href=\"http:\/\/frohsinn-ost.de\/pages\/guestbook\/index.php\" target=\"main\"><span style=\"font-family: Arial, Helvetica, Geneva, Swiss, SunSans-Regular;\">neues G\u00e4stebuch ist online!!!<\/span><\/a><\/td>\n<\/tr>\n<tr>\n<td width=\"10\" height=\"22\"><\/td>\n<td width=\"80\" height=\"22\">\n<div align=\"center\"><span style=\"font-family: Arial, Helvetica, Geneva, Swiss, SunSans-Regular; font-size: xx-small;\">26.08.2006<\/span><\/div>\n<\/td>\n<td width=\"509\" height=\"22\"><span style=\"font-family: Arial, Helvetica, Geneva, Swiss, SunSans-Regular;\"><a href=\"http:\/\/frohsinn-ost.de\/pages\/ofest06.html\" target=\"main\">Einladung zum Oktoberfest<\/a><\/span><\/td>\n<\/tr>\n<tr>\n<td width=\"10\" height=\"22\"><\/td>\n<td width=\"80\" height=\"22\">\n<div align=\"center\"><span style=\"font-family: Arial, Helvetica, Geneva, Swiss, SunSans-Regular; font-size: xx-small;\">09.08.2006<\/span><\/div>\n<\/td>\n<td width=\"509\" height=\"22\"><span style=\"font-family: Arial, Helvetica, Geneva, Swiss, SunSans-Regular;\"><a href=\"http:\/\/www.kicktipp.de\/frohsinn-ost\/mitgliedwerden\" target=\"_blank\">Tippspiel zur Fussball-Bundesliga<\/a><\/span><\/td>\n<\/tr>\n<tr>\n<td width=\"10\" height=\"22\"><\/td>\n<td width=\"80\" height=\"22\">\n<div align=\"center\"><span style=\"font-family: Arial, Helvetica, Geneva, Swiss, SunSans-Regular; font-size: xx-small;\">08.06.2006<\/span><\/div>\n<\/td>\n<td width=\"509\" height=\"22\"><span style=\"font-family: Arial, Helvetica, Geneva, Swiss, SunSans-Regular;\"><a href=\"http:\/\/www.frohsinn-ost.de\/fotogallerien\/cpg136\/index.php?cat=9\" target=\"main\">Fotos vom Sch\u00fctzenfest sind online!<\/a><br \/>\n<a href=\"http:\/\/fotos.frohsinn-ost.de\/\" target=\"_blank\">siehe auch fotos.frohsinn-ost.de<\/a><\/span><\/td>\n<\/tr>\n<tr>\n<td width=\"10\" height=\"22\"><\/td>\n<td width=\"80\" height=\"22\">\n<div align=\"center\"><span style=\"font-family: Arial, Helvetica, Geneva, Swiss, SunSans-Regular; font-size: xx-small;\">06.06.2006<\/span><\/div>\n<\/td>\n<td width=\"509\" height=\"22\"><span style=\"font-family: Arial, Helvetica, Geneva, Swiss, SunSans-Regular;\"><a href=\"http:\/\/frohsinn-ost.de\/pages\/chronik\/chronik.php?RECORD_INDEX%28chronik%29=73\" target=\"main\">Chronik wurde um aktuelle Daten erg\u00e4nzt!<\/a><\/span><\/td>\n<\/tr>\n<tr>\n<td width=\"10\" height=\"21\"><\/td>\n<td width=\"80\" height=\"21\">\n<div align=\"center\"><span style=\"color: white; font-family: Arial, Helvetica, Geneva, Swiss, SunSans-Regular; font-size: xx-small;\">Sch\u00fctzenfest 2006<\/span><\/div>\n<\/td>\n<td width=\"509\" height=\"21\"><span style=\"color: red; font-family: Arial, Helvetica, Geneva, Swiss, SunSans-Regular;\"><a href=\"http:\/\/frohsinn-ost.de\/pages\/sf2006after.html\" target=\"main\">aktuelle Ergebnisse vom Sch\u00fctzenfest<\/a><\/span><\/td>\n<\/tr>\n<tr>\n<td width=\"10\" height=\"22\"><\/td>\n<td width=\"80\" height=\"22\">\n<div align=\"center\"><span style=\"font-family: Arial, Helvetica, Geneva, Swiss, SunSans-Regular; font-size: xx-small;\">22.05.2006<\/span><\/div>\n<\/td>\n<td width=\"509\" height=\"22\"><span style=\"font-family: Arial, Helvetica, Geneva, Swiss, SunSans-Regular;\"><a href=\"http:\/\/frohsinn-ost.de\/pages\/kidis.html\" target=\"main\">Bericht vom Kinder-Spielenachmittag<\/a><\/span><\/td>\n<\/tr>\n<tr>\n<td width=\"10\" height=\"22\"><\/td>\n<td width=\"80\" height=\"22\">\n<div align=\"center\"><span style=\"font-family: Arial, Helvetica, Geneva, Swiss, SunSans-Regular; font-size: xx-small;\">10.05.2006<\/span><\/div>\n<\/td>\n<td width=\"509\" height=\"22\"><span style=\"font-family: Arial, Helvetica, Geneva, Swiss, SunSans-Regular;\"><a href=\"http:\/\/frohsinn-ost.de\/pages\/sf06.html\" target=\"main\">Programm Sch\u00fctzenfest 2006<\/a><\/span><\/td>\n<\/tr>\n<tr>\n<td width=\"10\" height=\"22\"><\/td>\n<td width=\"80\" height=\"22\">\n<div align=\"center\"><span style=\"font-family: Arial, Helvetica, Geneva, Swiss, SunSans-Regular; font-size: xx-small;\">25.03.2006<\/span><\/div>\n<\/td>\n<td width=\"509\" height=\"22\"><span style=\"font-family: Arial, Helvetica, Geneva, Swiss, SunSans-Regular;\"><a href=\"http:\/\/www.frohsinn-ost.de\/fotogallerien\/cpg136\/thumbnails.php?album=37\" target=\"main\">Bilder vom Seniorennachmittag<\/a><\/span><\/td>\n<\/tr>\n<tr>\n<td width=\"10\" height=\"22\"><\/td>\n<td width=\"80\" height=\"22\">\n<div align=\"center\"><span style=\"font-family: Arial, Helvetica, Geneva, Swiss, SunSans-Regular; font-size: xx-small;\">11.03.2006<\/span><\/div>\n<\/td>\n<td width=\"509\" height=\"22\"><span style=\"font-family: Arial, Helvetica, Geneva, Swiss, SunSans-Regular;\"><a href=\"http:\/\/frohsinn-ost.de\/pages\/skat2006.html\" target=\"main\">Gewinner des Skatturniers am 10.03.2006<\/a><\/span><\/td>\n<\/tr>\n<tr>\n<td width=\"10\" height=\"22\"><\/td>\n<td width=\"80\" height=\"22\">\n<div align=\"center\"><span style=\"font-family: Arial, Helvetica, Geneva, Swiss, SunSans-Regular; font-size: xx-small;\">27.02.2006<\/span><\/div>\n<\/td>\n<td width=\"509\" height=\"22\"><span style=\"font-family: Arial, Helvetica, Geneva, Swiss, SunSans-Regular;\"><a href=\"http:\/\/www.frohsinn-ost.de\/fotogallerien\/cpg136\/thumbnails.php?album=36\" target=\"main\">Fotos vom Strassenkarneval<\/a><\/span><\/td>\n<\/tr>\n<tr>\n<td width=\"10\" height=\"22\"><\/td>\n<td width=\"80\" height=\"22\">\n<div align=\"center\"><span style=\"font-family: Arial, Helvetica, Geneva, Swiss, SunSans-Regular; font-size: xx-small;\">19.02.2006<\/span><\/div>\n<\/td>\n<td width=\"509\" height=\"22\"><span style=\"font-family: Arial, Helvetica, Geneva, Swiss, SunSans-Regular;\"><a href=\"http:\/\/www.frohsinn-ost.de\/fotogallerien\/cpg136\/thumbnails.php?album=35\" target=\"main\">Fotos vom Vereinskarneval<\/a><\/span><\/td>\n<\/tr>\n<tr>\n<td width=\"10\" height=\"22\"><\/td>\n<td width=\"80\" height=\"22\">\n<div align=\"center\"><span style=\"font-family: Arial, Helvetica, Geneva, Swiss, SunSans-Regular; font-size: xx-small;\">15.01.2005<\/span><\/div>\n<\/td>\n<td width=\"509\" height=\"22\"><span style=\"font-family: Arial, Helvetica, Geneva, Swiss, SunSans-Regular;\"><a href=\"http:\/\/frohsinn-ost.de\/pages\/vorstand.html\" target=\"main\">\u00dcbersicht der Vorstandsmitglieder nach den Neuwahlen<\/a><\/span><\/td>\n<\/tr>\n<tr>\n<td width=\"10\" height=\"22\"><\/td>\n<td width=\"80\" height=\"22\">\n<div align=\"center\"><span style=\"font-family: Arial, Helvetica, Geneva, Swiss, SunSans-Regular; font-size: xx-small;\">15.01.2006<\/span><\/div>\n<\/td>\n<td width=\"509\" height=\"22\"><span style=\"font-family: Arial, Helvetica, Geneva, Swiss, SunSans-Regular;\"><a href=\"http:\/\/frohsinn-ost.de\/pages\/jhvber06.html\" target=\"main\">Bericht der Jahreshauptversammlung<\/a><\/span><\/td>\n<\/tr>\n<tr>\n<td width=\"10\" height=\"22\"><\/td>\n<td width=\"80\" height=\"22\">\n<div align=\"center\"><span style=\"font-family: Arial, Helvetica, Geneva, Swiss, SunSans-Regular; font-size: xx-small;\">28.12.2005<\/span><\/div>\n<\/td>\n<td width=\"509\" height=\"22\"><span style=\"font-family: Arial, Helvetica, Geneva, Swiss, SunSans-Regular;\"><a href=\"http:\/\/frohsinn-ost.de\/pages\/skat06.html\" target=\"main\">Einladung zum Skat- und Dokoturnier<\/a><\/span><\/td>\n<\/tr>\n<tr>\n<td width=\"10\" height=\"22\"><\/td>\n<td width=\"80\" height=\"22\">\n<div align=\"center\"><span style=\"font-family: Arial, Helvetica, Geneva, Swiss, SunSans-Regular; font-size: xx-small;\">28.12.2005<\/span><\/div>\n<\/td>\n<td width=\"509\" height=\"22\"><span style=\"font-family: Arial, Helvetica, Geneva, Swiss, SunSans-Regular;\"><a href=\"http:\/\/frohsinn-ost.de\/pages\/jhv06.html\" target=\"main\">Einladung zur Jahreshauptversammlung<\/a><\/span><\/td>\n<\/tr>\n<tr>\n<td width=\"10\" height=\"22\"><\/td>\n<td width=\"80\" height=\"22\">\n<div align=\"center\"><span style=\"font-family: Arial, Helvetica, Geneva, Swiss, SunSans-Regular; font-size: xx-small;\">14.12.2005<\/span><\/div>\n<\/td>\n<td width=\"509\" height=\"22\"><span style=\"font-family: Arial, Helvetica, Geneva, Swiss, SunSans-Regular;\"><a href=\"http:\/\/www.frohsinn-ost.de\/fotogallerien\/cpg136\/thumbnails.php?album=34\" target=\"main\">Fotos von der Weihnachtsb\u00e4ckerei<\/a><\/span><\/td>\n<\/tr>\n<tr>\n<td width=\"10\" height=\"22\"><\/td>\n<td width=\"80\" height=\"22\">\n<div align=\"center\"><span style=\"font-family: Arial, Helvetica, Geneva, Swiss, SunSans-Regular; font-size: xx-small;\">05.11.2005<\/span><\/div>\n<\/td>\n<td width=\"509\" height=\"22\"><span style=\"font-family: Arial, Helvetica, Geneva, Swiss, SunSans-Regular;\"><a href=\"http:\/\/www.frohsinn-ost.de\/fotogallerien\/cpg136\/thumbnails.php?album=33\" target=\"main\">Fotos vom Ball der Besten<\/a><\/span><\/td>\n<\/tr>\n<tr>\n<td width=\"10\" height=\"22\"><\/td>\n<td width=\"80\" height=\"22\">\n<div align=\"center\"><span style=\"font-family: Arial, Helvetica, Geneva, Swiss, SunSans-Regular; font-size: xx-small;\">13.11.2005<\/span><\/div>\n<\/td>\n<td width=\"509\" height=\"22\"><span style=\"font-family: Arial, Helvetica, Geneva, Swiss, SunSans-Regular;\"><a href=\"http:\/\/frohsinn-ost.de\/pages\/niko05.html\" target=\"main\">der\u00a0<b>Nikolaus<\/b>\u00a0kommt zu Besuch!!!<\/a><\/span><\/td>\n<\/tr>\n<tr>\n<td width=\"10\" height=\"22\"><\/td>\n<td width=\"80\" height=\"22\">\n<div align=\"center\"><span style=\"font-family: Arial, Helvetica, Geneva, Swiss, SunSans-Regular; font-size: xx-small;\">13.11.2005<\/span><\/div>\n<\/td>\n<td width=\"509\" height=\"22\"><span style=\"font-family: Arial, Helvetica, Geneva, Swiss, SunSans-Regular;\"><a href=\"http:\/\/frohsinn-ost.de\/pages\/baecker05.html\" target=\"main\">Einladung zur Weihnachtsb\u00e4ckerei<\/a><\/span><\/td>\n<\/tr>\n<tr>\n<td width=\"10\" height=\"22\"><\/td>\n<td width=\"80\" height=\"22\">\n<div align=\"center\"><span style=\"font-family: Arial, Helvetica, Geneva, Swiss, SunSans-Regular; font-size: xx-small;\">06.11.2005<\/span><\/div>\n<\/td>\n<td width=\"509\" height=\"22\"><a href=\"http:\/\/www.frohsinn-ost.de\/fotogallerien\/cpg136\/thumbnails.php?album=31\" target=\"main\"><span style=\"font-family: Arial, Helvetica, Geneva, Swiss, SunSans-Regular;\">Fotogalerie der Brauereibesichtigung<\/span><\/a><\/td>\n<\/tr>\n<tr>\n<td width=\"10\" height=\"22\"><\/td>\n<td width=\"80\" height=\"22\">\n<div align=\"center\"><span style=\"font-family: Arial, Helvetica, Geneva, Swiss, SunSans-Regular; font-size: xx-small;\">23.10.2005<\/span><\/div>\n<\/td>\n<td width=\"509\" height=\"22\"><span style=\"font-family: Arial, Helvetica, Geneva, Swiss, SunSans-Regular;\"><a href=\"http:\/\/frohsinn-ost.de\/pages\/schgr2005.html\" target=\"main\">1. Herrenmannschaft Frohsinn-Ost ist Stadtmeister<\/a><\/span><\/td>\n<\/tr>\n<tr>\n<td width=\"10\" height=\"22\"><\/td>\n<td width=\"80\" height=\"22\">\n<div align=\"center\"><span style=\"font-family: Arial, Helvetica, Geneva, Swiss, SunSans-Regular; font-size: xx-small;\">09.10.2005<\/span><\/div>\n<\/td>\n<td width=\"509\" height=\"22\"><span style=\"font-family: Arial, Helvetica, Geneva, Swiss, SunSans-Regular;\"><a href=\"http:\/\/frohsinn-ost.de\/fotogallerien\/cpg136\/thumbnails.php?album=29\" target=\"main\">Fotogalerie Oktoberfest ist on<\/a><\/span><\/td>\n<\/tr>\n<tr>\n<td width=\"10\" height=\"22\"><\/td>\n<td width=\"80\" height=\"22\">\n<div align=\"center\"><span style=\"color: #fffafa; font-family: Arial, Helvetica, Geneva, Swiss, SunSans-Regular; font-size: xx-small;\">09.10.2005<\/span><\/div>\n<\/td>\n<td width=\"509\" height=\"22\"><span style=\"color: red; font-family: Arial, Helvetica, Geneva, Swiss, SunSans-Regular;\"><a href=\"http:\/\/frohsinn-ost.de\/pages\/artmedic_guestbook\/index.php\" target=\"main\">das Oktoberfest 2005 ist nun (leider) vorbei, wie hat es Euch gefallen? Wir freuen uns \u00fcber einen Eintrag im G\u00e4stebuch.<\/a><\/span><\/td>\n<\/tr>\n<tr>\n<td width=\"10\" height=\"22\"><\/td>\n<td width=\"80\" height=\"22\">\n<div align=\"center\"><span style=\"font-family: Arial, Helvetica, Geneva, Swiss, SunSans-Regular; font-size: xx-small;\">20.08.2005<\/span><\/div>\n<\/td>\n<td width=\"509\" height=\"22\"><span style=\"font-family: Arial, Helvetica, Geneva, Swiss, SunSans-Regular;\"><a href=\"http:\/\/frohsinn-ost.de\/pages\/brauerei.html\" target=\"main\">Einladung zur Brauereibesichtigung Iserlohn<\/a><\/span><\/td>\n<\/tr>\n<tr>\n<td width=\"10\" height=\"22\"><\/td>\n<td width=\"80\" height=\"22\">\n<div align=\"center\"><span style=\"font-family: Arial, Helvetica, Geneva, Swiss, SunSans-Regular; font-size: xx-small;\">17.08.2005<\/span><\/div>\n<\/td>\n<td width=\"509\" height=\"22\"><span style=\"font-family: Arial, Helvetica, Geneva, Swiss, SunSans-Regular;\"><a href=\"http:\/\/frohsinn-ost.de\/pages\/ofest05.html\" target=\"main\">Einladung zum Oktoberfest 2005<\/a><\/span><\/td>\n<\/tr>\n<tr>\n<td width=\"10\" height=\"22\"><\/td>\n<td width=\"80\" height=\"22\">\n<div align=\"center\"><span style=\"font-family: Arial, Helvetica, Geneva, Swiss, SunSans-Regular; font-size: xx-small;\">05.06.2005<\/span><\/div>\n<\/td>\n<td width=\"509\" height=\"22\">\n<div align=\"left\"><span style=\"font-family: Arial, Helvetica, Geneva, Swiss, SunSans-Regular;\">Fotogalerien jetzt direkt erreichbar unter<br \/>\n<a title=\"Fotogallerien ohne Menueleiste, zur\u00fcck zur Hauptseite: bitte www.frohsinn-ost.de eintippen\" href=\"http:\/\/frohsinn-ost.de\/pages\/fotogallerien\/cpg136\/index.php\" target=\"_blank\">fotos.frohsinn-ost.de<\/a>\u00a0Vorteil: die Menueleisten &#8222;st\u00f6ren&#8220; nicht mehr<\/span><\/div>\n<\/td>\n<\/tr>\n<tr>\n<td width=\"10\" height=\"22\"><\/td>\n<td width=\"80\" height=\"22\">\n<div align=\"center\"><span style=\"font-family: Arial, Helvetica, Geneva, Swiss, SunSans-Regular; font-size: xx-small;\">02.06.2005<\/span><\/div>\n<\/td>\n<td width=\"509\" height=\"22\"><span style=\"font-family: Arial, Helvetica, Geneva, Swiss, SunSans-Regular;\"><a href=\"http:\/\/frohsinn-ost.de\/pages\/fussball2.html\" target=\"main\">Infos\/Tagesablauf zum Fussballturnier des Jugendausschusses<\/a><\/span><\/td>\n<\/tr>\n<tr>\n<td width=\"10\" height=\"22\"><\/td>\n<td width=\"80\" height=\"22\">\n<div align=\"center\"><span style=\"font-family: Arial, Helvetica, Geneva, Swiss, SunSans-Regular; font-size: xx-small;\">22.05.2005<\/span><\/div>\n<\/td>\n<td width=\"509\" height=\"22\"><span style=\"font-family: Arial, Helvetica, Geneva, Swiss, SunSans-Regular;\"><a href=\"http:\/\/www.meinekompanie.de\/Bilder\/Schuetzenvoegel\/album13.html\" target=\"_self\">Unsere V\u00f6gel zusammen mit anderen auf einer interesanten Seite im Netz www.meinekompanie.de<\/a><\/span><\/td>\n<\/tr>\n<tr>\n<td width=\"10\" height=\"22\"><\/td>\n<td width=\"80\" height=\"22\">\n<div align=\"center\"><span style=\"font-family: Arial, Helvetica, Geneva, Swiss, SunSans-Regular; font-size: xx-small;\">21.05.2005<\/span><\/div>\n<\/td>\n<td width=\"509\" height=\"22\"><span style=\"font-family: Arial, Helvetica, Geneva, Swiss, SunSans-Regular;\"><a href=\"mailto:ct@frohsinn-ost.de?Subject=CD-Bestellung%20f%C3%BCr%20%E2%82%AC5%20bei%20Christian%20T%C3%BCnte\">CD mit Bildern ist fertig, hier per eMail bestellen!!!<\/a><\/span><\/td>\n<\/tr>\n<tr>\n<td width=\"10\" height=\"23\"><\/td>\n<td width=\"80\" height=\"23\">\n<div align=\"center\"><span style=\"font-family: Arial, Helvetica, Geneva, Swiss, SunSans-Regular; font-size: xx-small;\">19.05.2005<\/span><\/div>\n<\/td>\n<td width=\"509\" height=\"23\"><span style=\"font-family: Arial, Helvetica, Geneva, Swiss, SunSans-Regular;\"><a href=\"http:\/\/frohsinn-ost.de\/pages\/chronik\/chronik.php?RECORD_INDEX%28chronik%29=72\" target=\"main\">Chroniken wurden erg\u00e4nzt um die Werte 2005<\/a><\/span><\/td>\n<\/tr>\n<tr>\n<td width=\"10\" height=\"23\"><\/td>\n<td width=\"80\" height=\"23\">\n<div align=\"center\"><span style=\"font-family: Arial, Helvetica, Geneva, Swiss, SunSans-Regular; font-size: xx-small;\">18.04.2005<\/span><\/div>\n<\/td>\n<td width=\"509\" height=\"23\"><span style=\"font-family: Arial, Helvetica, Geneva, Swiss, SunSans-Regular;\"><a href=\"http:\/\/frohsinn-ost.de\/pages\/fotogallerien\/cpg136\/index.php\" target=\"main\">Fotogalerien Sch\u00fctzenfest 2005 sind on<\/a><\/span><\/td>\n<\/tr>\n<tr>\n<td width=\"10\" height=\"23\"><\/td>\n<td width=\"80\" height=\"23\">\n<div align=\"center\"><span style=\"font-family: Arial, Helvetica, Geneva, Swiss, SunSans-Regular; font-size: xx-small;\">08.05.2005<\/span><\/div>\n<\/td>\n<td width=\"509\" height=\"23\"><span style=\"font-family: Arial, Helvetica, Geneva, Swiss, SunSans-Regular;\"><a href=\"http:\/\/frohsinn-ost.de\/pages\/fotogallerien\/cpg136\/index.php\" target=\"main\">Fotogalerien wurden neu organisiert<\/a><\/span><\/td>\n<\/tr>\n<tr>\n<td width=\"10\" height=\"23\"><\/td>\n<td width=\"80\" height=\"23\">\n<div align=\"center\"><span style=\"font-family: Arial, Helvetica, Geneva, Swiss, SunSans-Regular; font-size: xx-small;\">05.05.2005<\/span><\/div>\n<\/td>\n<td width=\"509\" height=\"23\"><span style=\"font-family: Arial, Helvetica, Geneva, Swiss, SunSans-Regular;\"><a href=\"http:\/\/frohsinn-ost.de\/pages\/sf2005after.html\" target=\"main\">Ergebnisdienst vom Sch\u00fctzenfest 2005<\/a><\/span><\/td>\n<\/tr>\n<tr>\n<td width=\"10\" height=\"23\"><\/td>\n<td width=\"80\" height=\"23\">\n<div align=\"center\"><span style=\"font-family: Arial, Helvetica, Geneva, Swiss, SunSans-Regular; font-size: xx-small;\">02.02.2005<\/span><\/div>\n<\/td>\n<td width=\"509\" height=\"23\"><span style=\"font-family: Arial, Helvetica, Geneva, Swiss, SunSans-Regular;\"><a href=\"http:\/\/frohsinn-ost.de\/pages\/sf2005.html\" target=\"main\">Einladung zum Sch\u00fctzenfest 2005<\/a><\/span><\/td>\n<\/tr>\n<tr>\n<td width=\"10\" height=\"23\"><\/td>\n<td width=\"80\" height=\"23\">\n<div align=\"center\"><span style=\"font-family: Arial, Helvetica, Geneva, Swiss, SunSans-Regular; font-size: xx-small;\">18.04.2005<\/span><\/div>\n<\/td>\n<td width=\"509\" height=\"23\"><span style=\"font-family: Arial, Helvetica, Geneva, Swiss, SunSans-Regular;\"><a href=\"http:\/\/frohsinn-ost.de\/pages\/formulare\/Einladung%20SF%202005.pdf\" target=\"main\">Einladung zum Sch\u00fctzenfest 2005<\/a><\/span><\/td>\n<\/tr>\n<tr>\n<td width=\"10\" height=\"23\"><\/td>\n<td width=\"80\" height=\"23\">\n<div align=\"center\"><span style=\"font-family: Arial, Helvetica, Geneva, Swiss, SunSans-Regular; font-size: xx-small;\">18.04.2005<\/span><\/div>\n<\/td>\n<td width=\"509\" height=\"23\"><span style=\"font-family: Arial, Helvetica, Geneva, Swiss, SunSans-Regular;\"><a href=\"http:\/\/frohsinn-ost.de\/pages\/formulare\/Einladung%202005%20Kinderehrengarde.pdf\" target=\"main\">Einladung zum \u00dcben der Kinderehrengarde<\/a><\/span><\/td>\n<\/tr>\n<tr>\n<td width=\"10\" height=\"23\"><\/td>\n<td width=\"80\" height=\"23\">\n<div align=\"center\"><span style=\"font-family: Arial, Helvetica, Geneva, Swiss, SunSans-Regular; font-size: xx-small;\">30.03.2005<\/span><\/div>\n<\/td>\n<td width=\"509\" height=\"23\"><span style=\"font-family: Arial, Helvetica, Geneva, Swiss, SunSans-Regular;\"><a href=\"http:\/\/frohsinn-ost.de\/pages\/garde\/index.html\" target=\"_blank\">Ehrengardenhomepage ist offiziell online (extern)<\/a><\/span><\/td>\n<\/tr>\n<tr>\n<td width=\"10\" height=\"23\"><\/td>\n<td width=\"80\" height=\"23\">\n<div align=\"center\"><span style=\"font-family: Arial, Helvetica, Geneva, Swiss, SunSans-Regular; font-size: xx-small;\">24.03.2005<\/span><\/div>\n<\/td>\n<td width=\"509\" height=\"23\"><span style=\"font-family: Arial, Helvetica, Geneva, Swiss, SunSans-Regular;\"><a href=\"http:\/\/frohsinn-ost.de\/pages\/fussball.html\" target=\"main\">Einladung zum Fussballturnier<\/a><\/span><\/td>\n<\/tr>\n<tr>\n<td width=\"10\" height=\"23\"><\/td>\n<td width=\"80\" height=\"23\">\n<div align=\"center\"><span style=\"font-family: Arial, Helvetica, Geneva, Swiss, SunSans-Regular; font-size: xx-small;\">19.03.2005<\/span><\/div>\n<\/td>\n<td width=\"509\" height=\"23\"><span style=\"font-family: Arial, Helvetica, Geneva, Swiss, SunSans-Regular;\"><a href=\"http:\/\/frohsinn-ost.de\/pages\/skdokoturn3.html\" target=\"main\">Ergebnisse von Doppelkopfturnier<\/a><\/span><\/td>\n<\/tr>\n<tr>\n<td width=\"10\" height=\"24\"><\/td>\n<td width=\"80\" height=\"24\">\n<div align=\"center\"><span style=\"font-family: Arial, Helvetica, Geneva, Swiss, SunSans-Regular; font-size: xx-small;\">12.03.2005<\/span><\/div>\n<\/td>\n<td width=\"509\" height=\"24\"><span style=\"font-family: Arial, Helvetica, Geneva, Swiss, SunSans-Regular;\"><a href=\"http:\/\/frohsinn-ost.de\/pages\/skdokoturn2.html\">Ergebnisse vom Skatturnier<\/a><\/span><\/td>\n<\/tr>\n<tr>\n<td width=\"10\" height=\"24\"><\/td>\n<td width=\"80\" height=\"24\">\n<div align=\"center\"><span style=\"font-family: Arial, Helvetica, Geneva, Swiss, SunSans-Regular; font-size: xx-small;\">31.01.2005<\/span><\/div>\n<\/td>\n<td width=\"509\" height=\"24\"><span style=\"font-family: Arial, Helvetica, Geneva, Swiss, SunSans-Regular;\"><a href=\"http:\/\/frohsinn-ost.de\/pages\/fotogallerien\/cpg136\/thumbnails.php?album=4\">Fotogalerie vom Vereinskarnevalsfest 2005<\/a><\/span><\/td>\n<\/tr>\n<tr>\n<td width=\"10\" height=\"24\"><\/td>\n<td width=\"80\" height=\"24\">\n<div align=\"center\"><span style=\"font-family: Arial, Helvetica, Geneva, Swiss, SunSans-Regular; font-size: xx-small;\">26.01.2005<\/span><\/div>\n<\/td>\n<td width=\"509\" height=\"24\"><span style=\"font-family: Arial, Helvetica, Geneva, Swiss, SunSans-Regular;\"><a href=\"http:\/\/frohsinn-ost.de\/pages\/karneval.html\"><b>etwas sp\u00e4t<\/b>: Einladung zum Vereinskarneval<\/a><\/span><\/td>\n<\/tr>\n<tr>\n<td width=\"10\" height=\"24\"><\/td>\n<td width=\"80\" height=\"24\">\n<div align=\"center\"><span style=\"font-family: Arial, Helvetica, Geneva, Swiss, SunSans-Regular; font-size: xx-small;\">17.01.2005<\/span><\/div>\n<\/td>\n<td width=\"509\" height=\"24\"><span style=\"font-family: Arial, Helvetica, Geneva, Swiss, SunSans-Regular;\"><a href=\"http:\/\/frohsinn-ost.de\/pages\/jhv_ber.html\">Bericht der Jahreshauptversammlung vom 15.01.2005<\/a><\/span><\/td>\n<\/tr>\n<tr>\n<td width=\"10\" height=\"24\"><\/td>\n<td width=\"80\" height=\"24\">\n<div align=\"center\"><span style=\"font-family: Arial, Helvetica, Geneva, Swiss, SunSans-Regular; font-size: xx-small;\">16.01.2005<\/span><\/div>\n<\/td>\n<td width=\"509\" height=\"24\"><span style=\"font-family: Arial, Helvetica, Geneva, Swiss, SunSans-Regular;\"><a href=\"http:\/\/frohsinn-ost.de\/pages\/vorstand.html\" target=\"main\">\u00dcbersicht der Vorstandsmitglieder nach den Wahlen<\/a><\/span><\/td>\n<\/tr>\n<tr>\n<td width=\"10\" height=\"24\"><\/td>\n<td width=\"80\" height=\"24\">\n<div align=\"center\"><span style=\"font-family: Arial, Helvetica, Geneva, Swiss, SunSans-Regular; font-size: xx-small;\">27.12.2004<\/span><\/div>\n<\/td>\n<td width=\"509\" height=\"24\"><span style=\"font-family: Arial, Helvetica, Geneva, Swiss, SunSans-Regular;\"><a href=\"http:\/\/frohsinn-ost.de\/pages\/skdokoturn.html\" target=\"main\">Einladung zum Skat- und Dokoturnier<\/a><\/span><\/td>\n<\/tr>\n<tr>\n<td width=\"10\" height=\"24\"><\/td>\n<td width=\"80\" height=\"24\">\n<div align=\"center\"><span style=\"font-family: Arial, Helvetica, Geneva, Swiss, SunSans-Regular; font-size: xx-small;\">22.12.2004<\/span><\/div>\n<\/td>\n<td width=\"509\" height=\"24\"><span style=\"font-family: Arial, Helvetica, Geneva, Swiss, SunSans-Regular;\"><a href=\"http:\/\/frohsinn-ost.de\/pages\/chronik\/chronik.php\" target=\"main\">K\u00f6nigsbilder 1926-2004 online!!!<\/a><\/span><\/td>\n<\/tr>\n<tr>\n<td width=\"10\" height=\"24\"><\/td>\n<td width=\"80\" height=\"24\">\n<div align=\"center\"><span style=\"font-family: Arial, Helvetica, Geneva, Swiss, SunSans-Regular; font-size: xx-small;\">14.12.2004<\/span><\/div>\n<\/td>\n<td width=\"509\" height=\"24\"><span style=\"font-family: Arial, Helvetica, Geneva, Swiss, SunSans-Regular;\"><a href=\"http:\/\/frohsinn-ost.de\/pages\/nikolaus4.html\" target=\"main\">Weihnachtsb\u00e4ckerei ein gro\u00dfer Erfolg<\/a><\/span><\/td>\n<\/tr>\n<tr>\n<td width=\"10\" height=\"24\"><\/td>\n<td width=\"80\" height=\"24\">\n<div align=\"center\"><span style=\"font-family: Arial, Helvetica, Geneva, Swiss, SunSans-Regular; font-size: xx-small;\">13.12.2004<\/span><\/div>\n<\/td>\n<td width=\"509\" height=\"24\"><span style=\"font-family: Arial, Helvetica, Geneva, Swiss, SunSans-Regular;\"><a href=\"http:\/\/frohsinn-ost.de\/pages\/jhv.html\" target=\"mainn\">Einladung zur Jahreshauptversammlung<\/a><\/span><\/td>\n<\/tr>\n<tr>\n<td width=\"10\" height=\"24\"><\/td>\n<td width=\"80\" height=\"24\">\n<div align=\"center\"><span style=\"font-family: Arial, Helvetica, Geneva, Swiss, SunSans-Regular; font-size: xx-small;\">10.12.2004<\/span><\/div>\n<\/td>\n<td width=\"509\" height=\"24\"><span style=\"font-family: Arial, Helvetica, Geneva, Swiss, SunSans-Regular;\"><a href=\"http:\/\/www.spz.frohsinn-ost.de\/\" target=\"_blank\">Neue Seite des Spielmannszuges (extern)<\/a><\/span><\/td>\n<\/tr>\n<tr>\n<td width=\"10\" height=\"24\"><\/td>\n<td width=\"80\" height=\"24\">\n<div align=\"center\"><span style=\"font-family: Arial, Helvetica, Geneva, Swiss, SunSans-Regular; font-size: xx-small;\">09.12.2004<\/span><\/div>\n<\/td>\n<td width=\"509\" height=\"24\"><span style=\"font-family: Arial, Helvetica, Geneva, Swiss, SunSans-Regular;\"><a href=\"http:\/\/frohsinn-ost.de\/pages\/nikolaus3.html\">Einladung zur Weihnachtsb\u00e4ckerei<\/a><\/span><\/td>\n<\/tr>\n<tr>\n<td width=\"10\" height=\"24\"><\/td>\n<td width=\"80\" height=\"24\">\n<div align=\"center\"><span style=\"font-family: Arial, Helvetica, Geneva, Swiss, SunSans-Regular; font-size: xx-small;\">06.12.2004<\/span><\/div>\n<\/td>\n<td width=\"509\" height=\"24\"><span style=\"font-family: Arial, Helvetica, Geneva, Swiss, SunSans-Regular;\"><a href=\"http:\/\/frohsinn-ost.de\/pages\/nikolaus2.html\">der Nikolaus war da<\/a><\/span><\/td>\n<\/tr>\n<tr>\n<td width=\"10\" height=\"24\"><\/td>\n<td width=\"80\" height=\"24\">\n<div align=\"center\"><span style=\"font-family: Arial, Helvetica, Geneva, Swiss, SunSans-Regular; font-size: xx-small;\">03.12.2004<\/span><\/div>\n<\/td>\n<td width=\"509\" height=\"24\"><span style=\"font-family: Arial, Helvetica, Geneva, Swiss, SunSans-Regular;\"><a href=\"http:\/\/frohsinn-ost.de\/pages\/st0e5s.html\">Schie\u00dfgruppe<\/a><\/span><\/td>\n<\/tr>\n<tr>\n<td width=\"10\" height=\"24\"><\/td>\n<td width=\"80\" height=\"24\">\n<div align=\"center\"><span style=\"font-family: Arial, Helvetica, Geneva, Swiss, SunSans-Regular; font-size: xx-small;\">14.11.2004<\/span><\/div>\n<\/td>\n<td width=\"509\" height=\"24\"><span style=\"font-family: Arial, Helvetica, Geneva, Swiss, SunSans-Regular;\"><a href=\"http:\/\/frohsinn-ost.de\/pages\/nikolaus.html\" target=\"main\">der Nikolaus kommt zu Besuch!<\/a><\/span><\/td>\n<\/tr>\n<tr>\n<td width=\"10\" height=\"24\"><\/td>\n<td width=\"80\" height=\"24\">\n<div align=\"center\"><span style=\"font-family: Arial, Helvetica, Geneva, Swiss, SunSans-Regular; font-size: xx-small;\">14.11.2004<\/span><\/div>\n<\/td>\n<td width=\"509\" height=\"24\"><span style=\"font-family: Arial, Helvetica, Geneva, Swiss, SunSans-Regular;\"><a href=\"http:\/\/frohsinn-ost.de\/pages\/ketten.html\" target=\"main\">unsere Ketten<\/a><\/span><\/td>\n<\/tr>\n<tr>\n<td width=\"10\" height=\"24\"><\/td>\n<td width=\"80\" height=\"24\">\n<div align=\"center\"><span style=\"font-family: Arial, Helvetica, Geneva, Swiss, SunSans-Regular; font-size: xx-small;\">03.10.2004<\/span><\/div>\n<\/td>\n<td width=\"509\" height=\"24\"><span style=\"font-family: Arial, Helvetica, Geneva, Swiss, SunSans-Regular;\"><a href=\"http:\/\/frohsinn-ost.de\/pages\/fotogallerien\/cpg136\/thumbnails.php?album=5\">Bildergallerien Oktoberfest<\/a><\/span><\/td>\n<\/tr>\n<tr>\n<td width=\"10\" height=\"24\"><\/td>\n<td width=\"80\" height=\"24\">\n<div align=\"center\"><span style=\"font-family: Arial, Helvetica, Geneva, Swiss, SunSans-Regular; font-size: xx-small;\">29.09.2004<\/span><\/div>\n<\/td>\n<td width=\"509\" height=\"24\"><span style=\"font-family: Arial, Helvetica, Geneva, Swiss, SunSans-Regular;\"><a href=\"http:\/\/frohsinn-ost.de\/pages\/spz2000.html\">Spielmannszug 2000<\/a><\/span><\/td>\n<\/tr>\n<tr>\n<td width=\"10\" height=\"24\"><\/td>\n<td width=\"80\" height=\"24\">\n<div align=\"center\"><span style=\"font-family: Arial, Helvetica, Geneva, Swiss, SunSans-Regular; font-size: xx-small;\">26.09.2004<\/span><\/div>\n<\/td>\n<td width=\"509\" height=\"24\"><span style=\"font-family: Arial, Helvetica, Geneva, Swiss, SunSans-Regular;\"><a href=\"http:\/\/frohsinn-ost.de\/pages\/ofest.html\">Einladung zum Oktoberfest<\/a><\/span><\/td>\n<\/tr>\n<tr>\n<td width=\"10\" height=\"24\"><\/td>\n<td width=\"80\" height=\"24\">\n<div align=\"center\"><span style=\"font-family: Arial, Helvetica, Geneva, Swiss, SunSans-Regular; font-size: xx-small;\">22.09.2004<\/span><\/div>\n<\/td>\n<td width=\"509\" height=\"24\"><span style=\"font-family: Arial, Helvetica, Geneva, Swiss, SunSans-Regular;\"><a href=\"http:\/\/frohsinn-ost.de\/pages\/stkaiser.html\">Greven\u00b4s Stadtkaiser heisst&#8230;<\/a><\/span><\/td>\n<\/tr>\n<tr>\n<td width=\"10\" height=\"24\"><\/td>\n<td width=\"80\" height=\"24\">\n<div align=\"center\"><span style=\"font-family: Arial, Helvetica, Geneva, Swiss, SunSans-Regular; font-size: xx-small;\"><b>&#8230;<\/b><\/span><\/div>\n<\/td>\n<td width=\"509\" height=\"24\"><span style=\"font-family: Arial, Helvetica, Geneva, Swiss, SunSans-Regular;\"><b>Sommerloch<\/b><\/span><\/td>\n<\/tr>\n<tr>\n<td width=\"10\" height=\"24\"><\/td>\n<td width=\"80\" height=\"24\">\n<div align=\"center\"><span style=\"font-family: Arial, Helvetica, Geneva, Swiss, SunSans-Regular; font-size: xx-small;\">20.06.2004<\/span><\/div>\n<\/td>\n<td width=\"509\" height=\"24\"><span style=\"font-family: Arial, Helvetica, Geneva, Swiss, SunSans-Regular;\"><a href=\"http:\/\/frohsinn-ost.de\/pages\/chronik.html\">Chronik des Sch\u00fctzenfestes 2004<\/a><\/span><\/td>\n<\/tr>\n<tr>\n<td width=\"10\" height=\"24\"><\/td>\n<td width=\"80\" height=\"24\">\n<div align=\"center\"><span style=\"font-family: Arial, Helvetica, Geneva, Swiss, SunSans-Regular; font-size: xx-small;\">01.06.2004<\/span><\/div>\n<\/td>\n<td width=\"509\" height=\"24\"><span style=\"font-family: Arial, Helvetica, Geneva, Swiss, SunSans-Regular;\"><a href=\"http:\/\/frohsinn-ost.de\/pages\/fotogallerien\/cpg136\/index.php?cat=2\">Bildergallerien vom Sch\u00fctzenfest<\/a><\/span><\/td>\n<\/tr>\n<\/tbody>\n<\/table>\n","protected":false},"excerpt":{"rendered":"<p>&nbsp; 29.11.2013 Infos zu den Doko- und Skatturnieren 14.11.2013 der Nikolaus macht wieder Hausbesuche 10.11.2013 Bericht von der Jahreshauptversammlung 05.11.2013 Bilder und Bericht vom Halloween-Aktionstag 22.10.2013 Bilder und Ergebnisse vom internen Doko-Turnier 14.10.2013 Bilder&#46;&#46;&#46;<\/p>\n","protected":false},"author":5,"featured_media":0,"comment_status":"closed","ping_status":"closed","sticky":false,"template":"","format":"standard","meta":{"ngg_post_thumbnail":0,"footnotes":""},"categories":[1],"tags":[],"class_list":["post-66","post","type-post","status-publish","format-standard","hentry","category-hauptartikel"],"_links":{"self":[{"href":"https:\/\/www.frohsinn-ost.de\/index.php?rest_route=\/wp\/v2\/posts\/66","targetHints":{"allow":["GET"]}}],"collection":[{"href":"https:\/\/www.frohsinn-ost.de\/index.php?rest_route=\/wp\/v2\/posts"}],"about":[{"href":"https:\/\/www.frohsinn-ost.de\/index.php?rest_route=\/wp\/v2\/types\/post"}],"author":[{"embeddable":true,"href":"https:\/\/www.frohsinn-ost.de\/index.php?rest_route=\/wp\/v2\/users\/5"}],"replies":[{"embeddable":true,"href":"https:\/\/www.frohsinn-ost.de\/index.php?rest_route=%2Fwp%2Fv2%2Fcomments&post=66"}],"version-history":[{"count":2,"href":"https:\/\/www.frohsinn-ost.de\/index.php?rest_route=\/wp\/v2\/posts\/66\/revisions"}],"predecessor-version":[{"id":80,"href":"https:\/\/www.frohsinn-ost.de\/index.php?rest_route=\/wp\/v2\/posts\/66\/revisions\/80"}],"wp:attachment":[{"href":"https:\/\/www.frohsinn-ost.de\/index.php?rest_route=%2Fwp%2Fv2%2Fmedia&parent=66"}],"wp:term":[{"taxonomy":"category","embeddable":true,"href":"https:\/\/www.frohsinn-ost.de\/index.php?rest_route=%2Fwp%2Fv2%2Fcategories&post=66"},{"taxonomy":"post_tag","embeddable":true,"href":"https:\/\/www.frohsinn-ost.de\/index.php?rest_route=%2Fwp%2Fv2%2Ftags&post=66"}],"curies":[{"name":"wp","href":"https:\/\/api.w.org\/{rel}","templated":true}]}}